{"id":917,"date":"2023-04-17T10:31:32","date_gmt":"2023-04-17T08:31:32","guid":{"rendered":"https:\/\/www.cinecens.net\/?p=917"},"modified":"2023-08-15T17:28:27","modified_gmt":"2023-08-15T15:28:27","slug":"vu-a-cinecens-les-petits-contes-de-la-nuit","status":"publish","type":"post","link":"https:\/\/www.cinecens.net\/index.php\/2023\/04\/17\/vu-a-cinecens-les-petits-contes-de-la-nuit\/","title":{"rendered":"Vu \u00e0 Cin\u00e9Cens..Les petits contes de la nuit"},"content":{"rendered":"\n<h3 class=\"wp-block-heading\" id=\"Les-petits-contes-de-la-nuit\"><mark style=\"background-color:rgba(0, 0, 0, 0);color:#f4e80b\" class=\"has-inline-color\">Cin\u00e9Cens <\/mark>&#8211;  Dimanche 2 avril \u00e0 11h :<\/h3>\n\n\n\n<h2 class=\"wp-block-heading has-accent-color has-text-color\">Les petits contes de la nuit<\/h2>\n\n\n\n<h4 class=\"wp-block-heading\">par Little KMBO (2019, 40mn)  &#8211; D\u00e8s 3 ans<\/h4>\n\n\n\n<div class=\"wp-block-columns is-layout-flex wp-container-core-columns-is-layout-9d6595d7 wp-block-columns-is-layout-flex\">\n<div class=\"wp-block-column is-layout-flow wp-block-column-is-layout-flow\" style=\"flex-basis:33.33%\">\n<figure class=\"wp-block-image size-full\"><img decoding=\"async\" src=\"https:\/\/www.cinecens.net\/wp-content\/uploads\/2023\/03\/petitcontesdelanuit.jpg\" alt=\"\" class=\"wp-image-783\"\/><\/figure>\n<\/div>\n\n\n\n<div class=\"wp-block-column is-layout-flow wp-block-column-is-layout-flow\" style=\"flex-basis:66.66%\">\n<figure class=\"wp-block-embed is-type-video is-provider-youtube wp-block-embed-youtube wp-embed-aspect-16-9 wp-has-aspect-ratio\"><div class=\"wp-block-embed__wrapper\">\n<iframe title=\"LES PETITS CONTES DE LA NUIT - Bande annonce\" width=\"580\" height=\"326\" src=\"https:\/\/www.youtube.com\/embed\/ryffBFCF_Rs?feature=oembed\" frameborder=\"0\" allow=\"accelerometer; autoplay; clipboard-write; encrypted-media; gyroscope; picture-in-picture; web-share\" referrerpolicy=\"strict-origin-when-cross-origin\" allowfullscreen><\/iframe>\n<\/div><\/figure>\n<\/div>\n<\/div>\n\n\n\n<p>Une histoire, un c\u00e2lin, un bon lit, il en faut peu pour bien dormir !<\/p>\n\n\n\n<p>Six contes-doudous pour aborder avec les tout-petits l\u2019univers du sommeil et de la nuit.<\/p>\n\n\n\n<p>Documentaire diffus\u00e9 \u00e0 la <mark style=\"background-color:rgba(0, 0, 0, 0);color:#f4e80b\" class=\"has-inline-color\"><strong>m\u00e9diath\u00e8que Orm\u00e9do<\/strong><\/mark> (bourg d&rsquo;Orvault) dans le cadre de Bobinocinoches en partenariat avec la ville d&rsquo;Orvault. <\/p>\n","protected":false},"excerpt":{"rendered":"<p>Cin\u00e9Cens &#8211; Dimanche 2 avril \u00e0 11h : Les petits contes de la nuit par Little KMBO (2019, 40mn) &#8211; D\u00e8s 3 ans Une histoire, un c\u00e2lin, un bon lit, il en faut peu pour bien dormir ! Six contes-doudous pour aborder avec les tout-petits l\u2019univers du sommeil et de la nuit. Documentaire diffus\u00e9 \u00e0 [&hellip;]<\/p>\n","protected":false},"author":7,"featured_media":783,"comment_status":"closed","ping_status":"open","sticky":false,"template":"","format":"standard","meta":{"footnotes":""},"categories":[6],"tags":[],"class_list":["post-917","post","type-post","status-publish","format-standard","has-post-thumbnail","hentry","category-programmation"],"yoast_head":"<!-- This site is optimized with the Yoast SEO plugin v27.4 - https:\/\/yoast.com\/product\/yoast-seo-wordpress\/ -->\n<title>Vu \u00e0 Cin\u00e9Cens..Les petits contes de la nuit - Cin\u00e9Cens<\/title>\n<meta name=\"robots\" content=\"index, follow, max-snippet:-1, max-image-preview:large, max-video-preview:-1\" \/>\n<link rel=\"canonical\" href=\"https:\/\/www.cinecens.net\/index.php\/2023\/04\/17\/vu-a-cinecens-les-petits-contes-de-la-nuit\/\" \/>\n<meta property=\"og:locale\" content=\"fr_FR\" \/>\n<meta property=\"og:type\" content=\"article\" \/>\n<meta property=\"og:title\" content=\"Vu \u00e0 Cin\u00e9Cens..Les petits contes de la nuit - Cin\u00e9Cens\" \/>\n<meta property=\"og:description\" content=\"Cin\u00e9Cens &#8211; Dimanche 2 avril \u00e0 11h : Les petits contes de la nuit par Little KMBO (2019, 40mn) &#8211; D\u00e8s 3 ans Une histoire, un c\u00e2lin, un bon lit, il en faut peu pour bien dormir ! Six contes-doudous pour aborder avec les tout-petits l\u2019univers du sommeil et de la nuit. Documentaire diffus\u00e9 \u00e0 [&hellip;]\" \/>\n<meta property=\"og:url\" content=\"https:\/\/www.cinecens.net\/index.php\/2023\/04\/17\/vu-a-cinecens-les-petits-contes-de-la-nuit\/\" \/>\n<meta property=\"og:site_name\" content=\"Cin\u00e9Cens\" \/>\n<meta property=\"article:publisher\" content=\"https:\/\/www.facebook.com\/RetailVR.officiel\" \/>\n<meta property=\"article:published_time\" content=\"2023-04-17T08:31:32+00:00\" \/>\n<meta property=\"article:modified_time\" content=\"2023-08-15T15:28:27+00:00\" \/>\n<meta property=\"og:image\" content=\"https:\/\/www.cinecens.net\/wp-content\/uploads\/2023\/03\/petitcontesdelanuit-e1681720271242.jpg\" \/>\n\t<meta property=\"og:image:width\" content=\"194\" \/>\n\t<meta property=\"og:image:height\" content=\"259\" \/>\n\t<meta property=\"og:image:type\" content=\"image\/jpeg\" \/>\n<meta name=\"author\" content=\"greenlins\" \/>\n<meta name=\"twitter:card\" content=\"summary_large_image\" \/>\n<meta name=\"twitter:label1\" content=\"\u00c9crit par\" \/>\n\t<meta name=\"twitter:data1\" content=\"greenlins\" \/>\n\t<meta name=\"twitter:label2\" content=\"Dur\u00e9e de lecture estim\u00e9e\" \/>\n\t<meta name=\"twitter:data2\" content=\"1 minute\" \/>\n<script type=\"application\/ld+json\" class=\"yoast-schema-graph\">{\"@context\":\"https:\\\/\\\/schema.org\",\"@graph\":[{\"@type\":\"Article\",\"@id\":\"https:\\\/\\\/www.cinecens.net\\\/index.php\\\/2023\\\/04\\\/17\\\/vu-a-cinecens-les-petits-contes-de-la-nuit\\\/#article\",\"isPartOf\":{\"@id\":\"https:\\\/\\\/www.cinecens.net\\\/index.php\\\/2023\\\/04\\\/17\\\/vu-a-cinecens-les-petits-contes-de-la-nuit\\\/\"},\"author\":{\"name\":\"greenlins\",\"@id\":\"https:\\\/\\\/www.cinecens.net\\\/#\\\/schema\\\/person\\\/b3c15f67ccbd867de84f365b06626db7\"},\"headline\":\"Vu \u00e0 Cin\u00e9Cens..Les petits contes de la nuit\",\"datePublished\":\"2023-04-17T08:31:32+00:00\",\"dateModified\":\"2023-08-15T15:28:27+00:00\",\"mainEntityOfPage\":{\"@id\":\"https:\\\/\\\/www.cinecens.net\\\/index.php\\\/2023\\\/04\\\/17\\\/vu-a-cinecens-les-petits-contes-de-la-nuit\\\/\"},\"wordCount\":94,\"publisher\":{\"@id\":\"https:\\\/\\\/www.cinecens.net\\\/#organization\"},\"image\":{\"@id\":\"https:\\\/\\\/www.cinecens.net\\\/index.php\\\/2023\\\/04\\\/17\\\/vu-a-cinecens-les-petits-contes-de-la-nuit\\\/#primaryimage\"},\"thumbnailUrl\":\"https:\\\/\\\/www.cinecens.net\\\/wp-content\\\/uploads\\\/2023\\\/03\\\/petitcontesdelanuit-e1681720271242.jpg\",\"articleSection\":[\"Programmation\"],\"inLanguage\":\"fr-FR\"},{\"@type\":\"WebPage\",\"@id\":\"https:\\\/\\\/www.cinecens.net\\\/index.php\\\/2023\\\/04\\\/17\\\/vu-a-cinecens-les-petits-contes-de-la-nuit\\\/\",\"url\":\"https:\\\/\\\/www.cinecens.net\\\/index.php\\\/2023\\\/04\\\/17\\\/vu-a-cinecens-les-petits-contes-de-la-nuit\\\/\",\"name\":\"Vu \u00e0 Cin\u00e9Cens..Les petits contes de la nuit - Cin\u00e9Cens\",\"isPartOf\":{\"@id\":\"https:\\\/\\\/www.cinecens.net\\\/#website\"},\"primaryImageOfPage\":{\"@id\":\"https:\\\/\\\/www.cinecens.net\\\/index.php\\\/2023\\\/04\\\/17\\\/vu-a-cinecens-les-petits-contes-de-la-nuit\\\/#primaryimage\"},\"image\":{\"@id\":\"https:\\\/\\\/www.cinecens.net\\\/index.php\\\/2023\\\/04\\\/17\\\/vu-a-cinecens-les-petits-contes-de-la-nuit\\\/#primaryimage\"},\"thumbnailUrl\":\"https:\\\/\\\/www.cinecens.net\\\/wp-content\\\/uploads\\\/2023\\\/03\\\/petitcontesdelanuit-e1681720271242.jpg\",\"datePublished\":\"2023-04-17T08:31:32+00:00\",\"dateModified\":\"2023-08-15T15:28:27+00:00\",\"breadcrumb\":{\"@id\":\"https:\\\/\\\/www.cinecens.net\\\/index.php\\\/2023\\\/04\\\/17\\\/vu-a-cinecens-les-petits-contes-de-la-nuit\\\/#breadcrumb\"},\"inLanguage\":\"fr-FR\",\"potentialAction\":[{\"@type\":\"ReadAction\",\"target\":[\"https:\\\/\\\/www.cinecens.net\\\/index.php\\\/2023\\\/04\\\/17\\\/vu-a-cinecens-les-petits-contes-de-la-nuit\\\/\"]}]},{\"@type\":\"ImageObject\",\"inLanguage\":\"fr-FR\",\"@id\":\"https:\\\/\\\/www.cinecens.net\\\/index.php\\\/2023\\\/04\\\/17\\\/vu-a-cinecens-les-petits-contes-de-la-nuit\\\/#primaryimage\",\"url\":\"https:\\\/\\\/www.cinecens.net\\\/wp-content\\\/uploads\\\/2023\\\/03\\\/petitcontesdelanuit-e1681720271242.jpg\",\"contentUrl\":\"https:\\\/\\\/www.cinecens.net\\\/wp-content\\\/uploads\\\/2023\\\/03\\\/petitcontesdelanuit-e1681720271242.jpg\",\"width\":194,\"height\":259},{\"@type\":\"BreadcrumbList\",\"@id\":\"https:\\\/\\\/www.cinecens.net\\\/index.php\\\/2023\\\/04\\\/17\\\/vu-a-cinecens-les-petits-contes-de-la-nuit\\\/#breadcrumb\",\"itemListElement\":[{\"@type\":\"ListItem\",\"position\":1,\"name\":\"Accueil\",\"item\":\"https:\\\/\\\/www.cinecens.net\\\/\"},{\"@type\":\"ListItem\",\"position\":2,\"name\":\"Vu \u00e0 Cin\u00e9Cens..Les petits contes de la nuit\"}]},{\"@type\":\"WebSite\",\"@id\":\"https:\\\/\\\/www.cinecens.net\\\/#website\",\"url\":\"https:\\\/\\\/www.cinecens.net\\\/\",\"name\":\"Cin\u00e9Cens\",\"description\":\"Cin\u00e9-Club Orvault\",\"publisher\":{\"@id\":\"https:\\\/\\\/www.cinecens.net\\\/#organization\"},\"potentialAction\":[{\"@type\":\"SearchAction\",\"target\":{\"@type\":\"EntryPoint\",\"urlTemplate\":\"https:\\\/\\\/www.cinecens.net\\\/?s={search_term_string}\"},\"query-input\":{\"@type\":\"PropertyValueSpecification\",\"valueRequired\":true,\"valueName\":\"search_term_string\"}}],\"inLanguage\":\"fr-FR\"},{\"@type\":\"Organization\",\"@id\":\"https:\\\/\\\/www.cinecens.net\\\/#organization\",\"name\":\"Cin\u00e9Cens\",\"url\":\"https:\\\/\\\/www.cinecens.net\\\/\",\"logo\":{\"@type\":\"ImageObject\",\"inLanguage\":\"fr-FR\",\"@id\":\"https:\\\/\\\/www.cinecens.net\\\/#\\\/schema\\\/logo\\\/image\\\/\",\"url\":\"https:\\\/\\\/www.cinecens.net\\\/wp-content\\\/uploads\\\/2021\\\/08\\\/cropped-Logo-CineCens.png\",\"contentUrl\":\"https:\\\/\\\/www.cinecens.net\\\/wp-content\\\/uploads\\\/2021\\\/08\\\/cropped-Logo-CineCens.png\",\"width\":500,\"height\":424,\"caption\":\"Cin\u00e9Cens\"},\"image\":{\"@id\":\"https:\\\/\\\/www.cinecens.net\\\/#\\\/schema\\\/logo\\\/image\\\/\"},\"sameAs\":[\"https:\\\/\\\/www.facebook.com\\\/RetailVR.officiel\",\"https:\\\/\\\/www.instagram.com\\\/CineCens\\\/\"]},{\"@type\":\"Person\",\"@id\":\"https:\\\/\\\/www.cinecens.net\\\/#\\\/schema\\\/person\\\/b3c15f67ccbd867de84f365b06626db7\",\"name\":\"greenlins\",\"image\":{\"@type\":\"ImageObject\",\"inLanguage\":\"fr-FR\",\"@id\":\"https:\\\/\\\/secure.gravatar.com\\\/avatar\\\/4814293a030d1bcf2f60d60b2c2735099f8c7fd5908cce820e6ee83685c4453f?s=96&d=mm&r=g\",\"url\":\"https:\\\/\\\/secure.gravatar.com\\\/avatar\\\/4814293a030d1bcf2f60d60b2c2735099f8c7fd5908cce820e6ee83685c4453f?s=96&d=mm&r=g\",\"contentUrl\":\"https:\\\/\\\/secure.gravatar.com\\\/avatar\\\/4814293a030d1bcf2f60d60b2c2735099f8c7fd5908cce820e6ee83685c4453f?s=96&d=mm&r=g\",\"caption\":\"greenlins\"},\"url\":\"https:\\\/\\\/www.cinecens.net\\\/index.php\\\/author\\\/schabot\\\/\"}]}<\/script>\n<!-- \/ Yoast SEO plugin. -->","yoast_head_json":{"title":"Vu \u00e0 Cin\u00e9Cens..Les petits contes de la nuit - Cin\u00e9Cens","robots":{"index":"index","follow":"follow","max-snippet":"max-snippet:-1","max-image-preview":"max-image-preview:large","max-video-preview":"max-video-preview:-1"},"canonical":"https:\/\/www.cinecens.net\/index.php\/2023\/04\/17\/vu-a-cinecens-les-petits-contes-de-la-nuit\/","og_locale":"fr_FR","og_type":"article","og_title":"Vu \u00e0 Cin\u00e9Cens..Les petits contes de la nuit - Cin\u00e9Cens","og_description":"Cin\u00e9Cens &#8211; Dimanche 2 avril \u00e0 11h : Les petits contes de la nuit par Little KMBO (2019, 40mn) &#8211; D\u00e8s 3 ans Une histoire, un c\u00e2lin, un bon lit, il en faut peu pour bien dormir ! Six contes-doudous pour aborder avec les tout-petits l\u2019univers du sommeil et de la nuit. Documentaire diffus\u00e9 \u00e0 [&hellip;]","og_url":"https:\/\/www.cinecens.net\/index.php\/2023\/04\/17\/vu-a-cinecens-les-petits-contes-de-la-nuit\/","og_site_name":"Cin\u00e9Cens","article_publisher":"https:\/\/www.facebook.com\/RetailVR.officiel","article_published_time":"2023-04-17T08:31:32+00:00","article_modified_time":"2023-08-15T15:28:27+00:00","og_image":[{"width":194,"height":259,"url":"https:\/\/www.cinecens.net\/wp-content\/uploads\/2023\/03\/petitcontesdelanuit-e1681720271242.jpg","type":"image\/jpeg"}],"author":"greenlins","twitter_card":"summary_large_image","twitter_misc":{"\u00c9crit par":"greenlins","Dur\u00e9e de lecture estim\u00e9e":"1 minute"},"schema":{"@context":"https:\/\/schema.org","@graph":[{"@type":"Article","@id":"https:\/\/www.cinecens.net\/index.php\/2023\/04\/17\/vu-a-cinecens-les-petits-contes-de-la-nuit\/#article","isPartOf":{"@id":"https:\/\/www.cinecens.net\/index.php\/2023\/04\/17\/vu-a-cinecens-les-petits-contes-de-la-nuit\/"},"author":{"name":"greenlins","@id":"https:\/\/www.cinecens.net\/#\/schema\/person\/b3c15f67ccbd867de84f365b06626db7"},"headline":"Vu \u00e0 Cin\u00e9Cens..Les petits contes de la nuit","datePublished":"2023-04-17T08:31:32+00:00","dateModified":"2023-08-15T15:28:27+00:00","mainEntityOfPage":{"@id":"https:\/\/www.cinecens.net\/index.php\/2023\/04\/17\/vu-a-cinecens-les-petits-contes-de-la-nuit\/"},"wordCount":94,"publisher":{"@id":"https:\/\/www.cinecens.net\/#organization"},"image":{"@id":"https:\/\/www.cinecens.net\/index.php\/2023\/04\/17\/vu-a-cinecens-les-petits-contes-de-la-nuit\/#primaryimage"},"thumbnailUrl":"https:\/\/www.cinecens.net\/wp-content\/uploads\/2023\/03\/petitcontesdelanuit-e1681720271242.jpg","articleSection":["Programmation"],"inLanguage":"fr-FR"},{"@type":"WebPage","@id":"https:\/\/www.cinecens.net\/index.php\/2023\/04\/17\/vu-a-cinecens-les-petits-contes-de-la-nuit\/","url":"https:\/\/www.cinecens.net\/index.php\/2023\/04\/17\/vu-a-cinecens-les-petits-contes-de-la-nuit\/","name":"Vu \u00e0 Cin\u00e9Cens..Les petits contes de la nuit - Cin\u00e9Cens","isPartOf":{"@id":"https:\/\/www.cinecens.net\/#website"},"primaryImageOfPage":{"@id":"https:\/\/www.cinecens.net\/index.php\/2023\/04\/17\/vu-a-cinecens-les-petits-contes-de-la-nuit\/#primaryimage"},"image":{"@id":"https:\/\/www.cinecens.net\/index.php\/2023\/04\/17\/vu-a-cinecens-les-petits-contes-de-la-nuit\/#primaryimage"},"thumbnailUrl":"https:\/\/www.cinecens.net\/wp-content\/uploads\/2023\/03\/petitcontesdelanuit-e1681720271242.jpg","datePublished":"2023-04-17T08:31:32+00:00","dateModified":"2023-08-15T15:28:27+00:00","breadcrumb":{"@id":"https:\/\/www.cinecens.net\/index.php\/2023\/04\/17\/vu-a-cinecens-les-petits-contes-de-la-nuit\/#breadcrumb"},"inLanguage":"fr-FR","potentialAction":[{"@type":"ReadAction","target":["https:\/\/www.cinecens.net\/index.php\/2023\/04\/17\/vu-a-cinecens-les-petits-contes-de-la-nuit\/"]}]},{"@type":"ImageObject","inLanguage":"fr-FR","@id":"https:\/\/www.cinecens.net\/index.php\/2023\/04\/17\/vu-a-cinecens-les-petits-contes-de-la-nuit\/#primaryimage","url":"https:\/\/www.cinecens.net\/wp-content\/uploads\/2023\/03\/petitcontesdelanuit-e1681720271242.jpg","contentUrl":"https:\/\/www.cinecens.net\/wp-content\/uploads\/2023\/03\/petitcontesdelanuit-e1681720271242.jpg","width":194,"height":259},{"@type":"BreadcrumbList","@id":"https:\/\/www.cinecens.net\/index.php\/2023\/04\/17\/vu-a-cinecens-les-petits-contes-de-la-nuit\/#breadcrumb","itemListElement":[{"@type":"ListItem","position":1,"name":"Accueil","item":"https:\/\/www.cinecens.net\/"},{"@type":"ListItem","position":2,"name":"Vu \u00e0 Cin\u00e9Cens..Les petits contes de la nuit"}]},{"@type":"WebSite","@id":"https:\/\/www.cinecens.net\/#website","url":"https:\/\/www.cinecens.net\/","name":"Cin\u00e9Cens","description":"Cin\u00e9-Club Orvault","publisher":{"@id":"https:\/\/www.cinecens.net\/#organization"},"potentialAction":[{"@type":"SearchAction","target":{"@type":"EntryPoint","urlTemplate":"https:\/\/www.cinecens.net\/?s={search_term_string}"},"query-input":{"@type":"PropertyValueSpecification","valueRequired":true,"valueName":"search_term_string"}}],"inLanguage":"fr-FR"},{"@type":"Organization","@id":"https:\/\/www.cinecens.net\/#organization","name":"Cin\u00e9Cens","url":"https:\/\/www.cinecens.net\/","logo":{"@type":"ImageObject","inLanguage":"fr-FR","@id":"https:\/\/www.cinecens.net\/#\/schema\/logo\/image\/","url":"https:\/\/www.cinecens.net\/wp-content\/uploads\/2021\/08\/cropped-Logo-CineCens.png","contentUrl":"https:\/\/www.cinecens.net\/wp-content\/uploads\/2021\/08\/cropped-Logo-CineCens.png","width":500,"height":424,"caption":"Cin\u00e9Cens"},"image":{"@id":"https:\/\/www.cinecens.net\/#\/schema\/logo\/image\/"},"sameAs":["https:\/\/www.facebook.com\/RetailVR.officiel","https:\/\/www.instagram.com\/CineCens\/"]},{"@type":"Person","@id":"https:\/\/www.cinecens.net\/#\/schema\/person\/b3c15f67ccbd867de84f365b06626db7","name":"greenlins","image":{"@type":"ImageObject","inLanguage":"fr-FR","@id":"https:\/\/secure.gravatar.com\/avatar\/4814293a030d1bcf2f60d60b2c2735099f8c7fd5908cce820e6ee83685c4453f?s=96&d=mm&r=g","url":"https:\/\/secure.gravatar.com\/avatar\/4814293a030d1bcf2f60d60b2c2735099f8c7fd5908cce820e6ee83685c4453f?s=96&d=mm&r=g","contentUrl":"https:\/\/secure.gravatar.com\/avatar\/4814293a030d1bcf2f60d60b2c2735099f8c7fd5908cce820e6ee83685c4453f?s=96&d=mm&r=g","caption":"greenlins"},"url":"https:\/\/www.cinecens.net\/index.php\/author\/schabot\/"}]}},"_links":{"self":[{"href":"https:\/\/www.cinecens.net\/index.php\/wp-json\/wp\/v2\/posts\/917","targetHints":{"allow":["GET"]}}],"collection":[{"href":"https:\/\/www.cinecens.net\/index.php\/wp-json\/wp\/v2\/posts"}],"about":[{"href":"https:\/\/www.cinecens.net\/index.php\/wp-json\/wp\/v2\/types\/post"}],"author":[{"embeddable":true,"href":"https:\/\/www.cinecens.net\/index.php\/wp-json\/wp\/v2\/users\/7"}],"replies":[{"embeddable":true,"href":"https:\/\/www.cinecens.net\/index.php\/wp-json\/wp\/v2\/comments?post=917"}],"version-history":[{"count":1,"href":"https:\/\/www.cinecens.net\/index.php\/wp-json\/wp\/v2\/posts\/917\/revisions"}],"predecessor-version":[{"id":918,"href":"https:\/\/www.cinecens.net\/index.php\/wp-json\/wp\/v2\/posts\/917\/revisions\/918"}],"wp:featuredmedia":[{"embeddable":true,"href":"https:\/\/www.cinecens.net\/index.php\/wp-json\/wp\/v2\/media\/783"}],"wp:attachment":[{"href":"https:\/\/www.cinecens.net\/index.php\/wp-json\/wp\/v2\/media?parent=917"}],"wp:term":[{"taxonomy":"category","embeddable":true,"href":"https:\/\/www.cinecens.net\/index.php\/wp-json\/wp\/v2\/categories?post=917"},{"taxonomy":"post_tag","embeddable":true,"href":"https:\/\/www.cinecens.net\/index.php\/wp-json\/wp\/v2\/tags?post=917"}],"curies":[{"name":"wp","href":"https:\/\/api.w.org\/{rel}","templated":true}]}}