{"id":2235,"date":"2026-04-23T14:23:38","date_gmt":"2026-04-23T12:23:38","guid":{"rendered":"https:\/\/www.cinecens.net\/?p=2235"},"modified":"2026-04-23T14:23:54","modified_gmt":"2026-04-23T12:23:54","slug":"vu-a-cinecens-il-etait-une-fois-michel-legrand","status":"publish","type":"post","link":"https:\/\/www.cinecens.net\/index.php\/2026\/04\/23\/vu-a-cinecens-il-etait-une-fois-michel-legrand\/","title":{"rendered":"Vu \u00e0 Cin\u00e9Cens..Il \u00e9tait une fois Michel Legrand"},"content":{"rendered":"\n<h3 class=\"wp-block-heading\" id=\"Circuit-Courts\"><mark style=\"background-color:rgba(0, 0, 0, 0);color:#f4e80b\" class=\"has-inline-color\">Cin\u00e9-Concert<\/mark>&#8211; Mercredi 8 Avril \u00e0 19h45<\/h3>\n\n\n\n<h2 class=\"wp-block-heading has-accent-color has-text-color\" id=\"Il-\u00e9tait-une-fois-Michel-Legrand\">\u00ab\u00a0Il \u00e9tait une fois Michel Legrand\u00a0\u00bb<\/h2>\n\n\n\n<h4 class=\"wp-block-heading\">de David Hertzog Dessites (2024, 1h49) &#8211; \u00c0 partir de 10 ans<\/h4>\n\n\n\n<div class=\"wp-block-columns is-layout-flex wp-container-core-columns-is-layout-9d6595d7 wp-block-columns-is-layout-flex\">\n<div class=\"wp-block-column is-layout-flow wp-block-column-is-layout-flow\" style=\"flex-basis:33.33%\"><div class=\"wp-block-image\">\n<figure class=\"aligncenter size-full\"><img fetchpriority=\"high\" decoding=\"async\" width=\"300\" height=\"408\" src=\"https:\/\/www.cinecens.net\/wp-content\/uploads\/2026\/02\/2026-04-08-Michel-Legrand-Affiche-film-e1770658070256.jpg\" alt=\"\" class=\"wp-image-2176\"\/><\/figure>\n<\/div><\/div>\n\n\n\n<div class=\"wp-block-column is-layout-flow wp-block-column-is-layout-flow\" style=\"flex-basis:66.66%\">\n<figure class=\"wp-block-embed is-type-video is-provider-youtube wp-block-embed-youtube wp-embed-aspect-16-9 wp-has-aspect-ratio\"><div class=\"wp-block-embed__wrapper\">\n<iframe title=\"IL \u00c9TAIT UNE FOIS MICHEL LEGRAND de David Hertzog Dessites | Bande-annonce officielle\" width=\"580\" height=\"326\" src=\"https:\/\/www.youtube.com\/embed\/SiQMLtzppRM?feature=oembed\" frameborder=\"0\" allow=\"accelerometer; autoplay; clipboard-write; encrypted-media; gyroscope; picture-in-picture; web-share\" referrerpolicy=\"strict-origin-when-cross-origin\" allowfullscreen><\/iframe>\n<\/div><\/figure>\n<\/div>\n<\/div>\n\n\n\n<p><a href=\"https:\/\/www.orvault.fr\/annuaire\/ecole-municipale-des-musiques-origami\/\">Origami<\/a>, l&rsquo;\u00e9cole des musiques d&rsquo;Orvault, et <a href=\"http:\/\/cinecens.net\">Cin\u00e9Cens<\/a>, se sont associ\u00e9s pour proposer une soir\u00e9e en musique et en images !<\/p>\n\n\n\n<p>Michel Legrand entre au Conservatoire de Paris \u00e0 l\u2019\u00e2ge de 10 ans et s\u2019impose tr\u00e8s vite comme un surdou\u00e9. De la chanson jusqu\u2019au cin\u00e9ma, ce v\u00e9ritable virtuose n\u2019a jamais cess\u00e9 de repousser les fronti\u00e8res de son art, collaborant avec des l\u00e9gendes comme Miles Davis, Jacques Demy, Charles Aznavour, Barbara Streisand ou encore Natalie Dessay.<\/p>\n\n\n\n<p><mark style=\"background-color:rgba(0, 0, 0, 0)\" class=\"has-inline-color has-accent-color\">La soir\u00e9e a d\u00e9but\u00e9 par un concert de l&rsquo;orchestre des <strong>\u00e9l\u00e8ves d&rsquo;Origami <\/strong>qui a interpr\u00e9t\u00e9 plusieurs th\u00e8mes de films.<\/mark><\/p>\n\n\n\n<p class=\"has-text-color\" style=\"color:#fbe700\">L&rsquo;avis de S\u00e9bastien (Cin\u00e9Cens) : \u00ab\u00a0Le film est un hommage musical riche et sinc\u00e8re, port\u00e9 par de magnifiques archives et l\u2019\u00e9nergie cr\u00e9ative de Michel Legrand. Il s\u00e9duit par sa g\u00e9n\u00e9rosit\u00e9, son \u00e9motion et la place centrale donn\u00e9e \u00e0 la musique.<\/p>\n","protected":false},"excerpt":{"rendered":"<p>Cin\u00e9-Concert&#8211; Mercredi 8 Avril \u00e0 19h45 \u00ab\u00a0Il \u00e9tait une fois Michel Legrand\u00a0\u00bb de David Hertzog Dessites (2024, 1h49) &#8211; \u00c0 partir de 10 ans Origami, l&rsquo;\u00e9cole des musiques d&rsquo;Orvault, et Cin\u00e9Cens, se sont associ\u00e9s pour proposer une soir\u00e9e en musique et en images ! Michel Legrand entre au Conservatoire de Paris \u00e0 l\u2019\u00e2ge de 10 [&hellip;]<\/p>\n","protected":false},"author":7,"featured_media":2176,"comment_status":"closed","ping_status":"open","sticky":false,"template":"","format":"standard","meta":{"footnotes":""},"categories":[6],"tags":[],"class_list":["post-2235","post","type-post","status-publish","format-standard","has-post-thumbnail","hentry","category-programmation"],"yoast_head":"<!-- This site is optimized with the Yoast SEO plugin v27.4 - https:\/\/yoast.com\/product\/yoast-seo-wordpress\/ -->\n<title>Vu \u00e0 Cin\u00e9Cens..Il \u00e9tait une fois Michel Legrand - Cin\u00e9Cens<\/title>\n<meta name=\"robots\" content=\"index, follow, max-snippet:-1, max-image-preview:large, max-video-preview:-1\" \/>\n<link rel=\"canonical\" href=\"https:\/\/www.cinecens.net\/index.php\/2026\/04\/23\/vu-a-cinecens-il-etait-une-fois-michel-legrand\/\" \/>\n<meta property=\"og:locale\" content=\"fr_FR\" \/>\n<meta property=\"og:type\" content=\"article\" \/>\n<meta property=\"og:title\" content=\"Vu \u00e0 Cin\u00e9Cens..Il \u00e9tait une fois Michel Legrand - Cin\u00e9Cens\" \/>\n<meta property=\"og:description\" content=\"Cin\u00e9-Concert&#8211; Mercredi 8 Avril \u00e0 19h45 \u00ab\u00a0Il \u00e9tait une fois Michel Legrand\u00a0\u00bb de David Hertzog Dessites (2024, 1h49) &#8211; \u00c0 partir de 10 ans Origami, l&rsquo;\u00e9cole des musiques d&rsquo;Orvault, et Cin\u00e9Cens, se sont associ\u00e9s pour proposer une soir\u00e9e en musique et en images ! Michel Legrand entre au Conservatoire de Paris \u00e0 l\u2019\u00e2ge de 10 [&hellip;]\" \/>\n<meta property=\"og:url\" content=\"https:\/\/www.cinecens.net\/index.php\/2026\/04\/23\/vu-a-cinecens-il-etait-une-fois-michel-legrand\/\" \/>\n<meta property=\"og:site_name\" content=\"Cin\u00e9Cens\" \/>\n<meta property=\"article:publisher\" content=\"https:\/\/www.facebook.com\/RetailVR.officiel\" \/>\n<meta property=\"article:published_time\" content=\"2026-04-23T12:23:38+00:00\" \/>\n<meta property=\"article:modified_time\" content=\"2026-04-23T12:23:54+00:00\" \/>\n<meta property=\"og:image\" content=\"https:\/\/www.cinecens.net\/wp-content\/uploads\/2026\/02\/2026-04-08-Michel-Legrand-Affiche-film-e1770658070256.jpg\" \/>\n\t<meta property=\"og:image:width\" content=\"300\" \/>\n\t<meta property=\"og:image:height\" content=\"408\" \/>\n\t<meta property=\"og:image:type\" content=\"image\/jpeg\" \/>\n<meta name=\"author\" content=\"greenlins\" \/>\n<meta name=\"twitter:card\" content=\"summary_large_image\" \/>\n<meta name=\"twitter:label1\" content=\"\u00c9crit par\" \/>\n\t<meta name=\"twitter:data1\" content=\"greenlins\" \/>\n\t<meta name=\"twitter:label2\" content=\"Dur\u00e9e de lecture estim\u00e9e\" \/>\n\t<meta name=\"twitter:data2\" content=\"2 minutes\" \/>\n<script type=\"application\/ld+json\" class=\"yoast-schema-graph\">{\"@context\":\"https:\\\/\\\/schema.org\",\"@graph\":[{\"@type\":\"Article\",\"@id\":\"https:\\\/\\\/www.cinecens.net\\\/index.php\\\/2026\\\/04\\\/23\\\/vu-a-cinecens-il-etait-une-fois-michel-legrand\\\/#article\",\"isPartOf\":{\"@id\":\"https:\\\/\\\/www.cinecens.net\\\/index.php\\\/2026\\\/04\\\/23\\\/vu-a-cinecens-il-etait-une-fois-michel-legrand\\\/\"},\"author\":{\"name\":\"greenlins\",\"@id\":\"https:\\\/\\\/www.cinecens.net\\\/#\\\/schema\\\/person\\\/b3c15f67ccbd867de84f365b06626db7\"},\"headline\":\"Vu \u00e0 Cin\u00e9Cens..Il \u00e9tait une fois Michel Legrand\",\"datePublished\":\"2026-04-23T12:23:38+00:00\",\"dateModified\":\"2026-04-23T12:23:54+00:00\",\"mainEntityOfPage\":{\"@id\":\"https:\\\/\\\/www.cinecens.net\\\/index.php\\\/2026\\\/04\\\/23\\\/vu-a-cinecens-il-etait-une-fois-michel-legrand\\\/\"},\"wordCount\":195,\"publisher\":{\"@id\":\"https:\\\/\\\/www.cinecens.net\\\/#organization\"},\"image\":{\"@id\":\"https:\\\/\\\/www.cinecens.net\\\/index.php\\\/2026\\\/04\\\/23\\\/vu-a-cinecens-il-etait-une-fois-michel-legrand\\\/#primaryimage\"},\"thumbnailUrl\":\"https:\\\/\\\/www.cinecens.net\\\/wp-content\\\/uploads\\\/2026\\\/02\\\/2026-04-08-Michel-Legrand-Affiche-film-e1770658070256.jpg\",\"articleSection\":[\"Programmation\"],\"inLanguage\":\"fr-FR\"},{\"@type\":\"WebPage\",\"@id\":\"https:\\\/\\\/www.cinecens.net\\\/index.php\\\/2026\\\/04\\\/23\\\/vu-a-cinecens-il-etait-une-fois-michel-legrand\\\/\",\"url\":\"https:\\\/\\\/www.cinecens.net\\\/index.php\\\/2026\\\/04\\\/23\\\/vu-a-cinecens-il-etait-une-fois-michel-legrand\\\/\",\"name\":\"Vu \u00e0 Cin\u00e9Cens..Il \u00e9tait une fois Michel Legrand - Cin\u00e9Cens\",\"isPartOf\":{\"@id\":\"https:\\\/\\\/www.cinecens.net\\\/#website\"},\"primaryImageOfPage\":{\"@id\":\"https:\\\/\\\/www.cinecens.net\\\/index.php\\\/2026\\\/04\\\/23\\\/vu-a-cinecens-il-etait-une-fois-michel-legrand\\\/#primaryimage\"},\"image\":{\"@id\":\"https:\\\/\\\/www.cinecens.net\\\/index.php\\\/2026\\\/04\\\/23\\\/vu-a-cinecens-il-etait-une-fois-michel-legrand\\\/#primaryimage\"},\"thumbnailUrl\":\"https:\\\/\\\/www.cinecens.net\\\/wp-content\\\/uploads\\\/2026\\\/02\\\/2026-04-08-Michel-Legrand-Affiche-film-e1770658070256.jpg\",\"datePublished\":\"2026-04-23T12:23:38+00:00\",\"dateModified\":\"2026-04-23T12:23:54+00:00\",\"breadcrumb\":{\"@id\":\"https:\\\/\\\/www.cinecens.net\\\/index.php\\\/2026\\\/04\\\/23\\\/vu-a-cinecens-il-etait-une-fois-michel-legrand\\\/#breadcrumb\"},\"inLanguage\":\"fr-FR\",\"potentialAction\":[{\"@type\":\"ReadAction\",\"target\":[\"https:\\\/\\\/www.cinecens.net\\\/index.php\\\/2026\\\/04\\\/23\\\/vu-a-cinecens-il-etait-une-fois-michel-legrand\\\/\"]}]},{\"@type\":\"ImageObject\",\"inLanguage\":\"fr-FR\",\"@id\":\"https:\\\/\\\/www.cinecens.net\\\/index.php\\\/2026\\\/04\\\/23\\\/vu-a-cinecens-il-etait-une-fois-michel-legrand\\\/#primaryimage\",\"url\":\"https:\\\/\\\/www.cinecens.net\\\/wp-content\\\/uploads\\\/2026\\\/02\\\/2026-04-08-Michel-Legrand-Affiche-film-e1770658070256.jpg\",\"contentUrl\":\"https:\\\/\\\/www.cinecens.net\\\/wp-content\\\/uploads\\\/2026\\\/02\\\/2026-04-08-Michel-Legrand-Affiche-film-e1770658070256.jpg\",\"width\":300,\"height\":408},{\"@type\":\"BreadcrumbList\",\"@id\":\"https:\\\/\\\/www.cinecens.net\\\/index.php\\\/2026\\\/04\\\/23\\\/vu-a-cinecens-il-etait-une-fois-michel-legrand\\\/#breadcrumb\",\"itemListElement\":[{\"@type\":\"ListItem\",\"position\":1,\"name\":\"Accueil\",\"item\":\"https:\\\/\\\/www.cinecens.net\\\/\"},{\"@type\":\"ListItem\",\"position\":2,\"name\":\"Vu \u00e0 Cin\u00e9Cens..Il \u00e9tait une fois Michel Legrand\"}]},{\"@type\":\"WebSite\",\"@id\":\"https:\\\/\\\/www.cinecens.net\\\/#website\",\"url\":\"https:\\\/\\\/www.cinecens.net\\\/\",\"name\":\"Cin\u00e9Cens\",\"description\":\"Cin\u00e9-Club Orvault\",\"publisher\":{\"@id\":\"https:\\\/\\\/www.cinecens.net\\\/#organization\"},\"potentialAction\":[{\"@type\":\"SearchAction\",\"target\":{\"@type\":\"EntryPoint\",\"urlTemplate\":\"https:\\\/\\\/www.cinecens.net\\\/?s={search_term_string}\"},\"query-input\":{\"@type\":\"PropertyValueSpecification\",\"valueRequired\":true,\"valueName\":\"search_term_string\"}}],\"inLanguage\":\"fr-FR\"},{\"@type\":\"Organization\",\"@id\":\"https:\\\/\\\/www.cinecens.net\\\/#organization\",\"name\":\"Cin\u00e9Cens\",\"url\":\"https:\\\/\\\/www.cinecens.net\\\/\",\"logo\":{\"@type\":\"ImageObject\",\"inLanguage\":\"fr-FR\",\"@id\":\"https:\\\/\\\/www.cinecens.net\\\/#\\\/schema\\\/logo\\\/image\\\/\",\"url\":\"https:\\\/\\\/www.cinecens.net\\\/wp-content\\\/uploads\\\/2021\\\/08\\\/cropped-Logo-CineCens.png\",\"contentUrl\":\"https:\\\/\\\/www.cinecens.net\\\/wp-content\\\/uploads\\\/2021\\\/08\\\/cropped-Logo-CineCens.png\",\"width\":500,\"height\":424,\"caption\":\"Cin\u00e9Cens\"},\"image\":{\"@id\":\"https:\\\/\\\/www.cinecens.net\\\/#\\\/schema\\\/logo\\\/image\\\/\"},\"sameAs\":[\"https:\\\/\\\/www.facebook.com\\\/RetailVR.officiel\",\"https:\\\/\\\/www.instagram.com\\\/CineCens\\\/\"]},{\"@type\":\"Person\",\"@id\":\"https:\\\/\\\/www.cinecens.net\\\/#\\\/schema\\\/person\\\/b3c15f67ccbd867de84f365b06626db7\",\"name\":\"greenlins\",\"image\":{\"@type\":\"ImageObject\",\"inLanguage\":\"fr-FR\",\"@id\":\"https:\\\/\\\/secure.gravatar.com\\\/avatar\\\/4814293a030d1bcf2f60d60b2c2735099f8c7fd5908cce820e6ee83685c4453f?s=96&d=mm&r=g\",\"url\":\"https:\\\/\\\/secure.gravatar.com\\\/avatar\\\/4814293a030d1bcf2f60d60b2c2735099f8c7fd5908cce820e6ee83685c4453f?s=96&d=mm&r=g\",\"contentUrl\":\"https:\\\/\\\/secure.gravatar.com\\\/avatar\\\/4814293a030d1bcf2f60d60b2c2735099f8c7fd5908cce820e6ee83685c4453f?s=96&d=mm&r=g\",\"caption\":\"greenlins\"},\"url\":\"https:\\\/\\\/www.cinecens.net\\\/index.php\\\/author\\\/schabot\\\/\"}]}<\/script>\n<!-- \/ Yoast SEO plugin. -->","yoast_head_json":{"title":"Vu \u00e0 Cin\u00e9Cens..Il \u00e9tait une fois Michel Legrand - Cin\u00e9Cens","robots":{"index":"index","follow":"follow","max-snippet":"max-snippet:-1","max-image-preview":"max-image-preview:large","max-video-preview":"max-video-preview:-1"},"canonical":"https:\/\/www.cinecens.net\/index.php\/2026\/04\/23\/vu-a-cinecens-il-etait-une-fois-michel-legrand\/","og_locale":"fr_FR","og_type":"article","og_title":"Vu \u00e0 Cin\u00e9Cens..Il \u00e9tait une fois Michel Legrand - Cin\u00e9Cens","og_description":"Cin\u00e9-Concert&#8211; Mercredi 8 Avril \u00e0 19h45 \u00ab\u00a0Il \u00e9tait une fois Michel Legrand\u00a0\u00bb de David Hertzog Dessites (2024, 1h49) &#8211; \u00c0 partir de 10 ans Origami, l&rsquo;\u00e9cole des musiques d&rsquo;Orvault, et Cin\u00e9Cens, se sont associ\u00e9s pour proposer une soir\u00e9e en musique et en images ! Michel Legrand entre au Conservatoire de Paris \u00e0 l\u2019\u00e2ge de 10 [&hellip;]","og_url":"https:\/\/www.cinecens.net\/index.php\/2026\/04\/23\/vu-a-cinecens-il-etait-une-fois-michel-legrand\/","og_site_name":"Cin\u00e9Cens","article_publisher":"https:\/\/www.facebook.com\/RetailVR.officiel","article_published_time":"2026-04-23T12:23:38+00:00","article_modified_time":"2026-04-23T12:23:54+00:00","og_image":[{"width":300,"height":408,"url":"https:\/\/www.cinecens.net\/wp-content\/uploads\/2026\/02\/2026-04-08-Michel-Legrand-Affiche-film-e1770658070256.jpg","type":"image\/jpeg"}],"author":"greenlins","twitter_card":"summary_large_image","twitter_misc":{"\u00c9crit par":"greenlins","Dur\u00e9e de lecture estim\u00e9e":"2 minutes"},"schema":{"@context":"https:\/\/schema.org","@graph":[{"@type":"Article","@id":"https:\/\/www.cinecens.net\/index.php\/2026\/04\/23\/vu-a-cinecens-il-etait-une-fois-michel-legrand\/#article","isPartOf":{"@id":"https:\/\/www.cinecens.net\/index.php\/2026\/04\/23\/vu-a-cinecens-il-etait-une-fois-michel-legrand\/"},"author":{"name":"greenlins","@id":"https:\/\/www.cinecens.net\/#\/schema\/person\/b3c15f67ccbd867de84f365b06626db7"},"headline":"Vu \u00e0 Cin\u00e9Cens..Il \u00e9tait une fois Michel Legrand","datePublished":"2026-04-23T12:23:38+00:00","dateModified":"2026-04-23T12:23:54+00:00","mainEntityOfPage":{"@id":"https:\/\/www.cinecens.net\/index.php\/2026\/04\/23\/vu-a-cinecens-il-etait-une-fois-michel-legrand\/"},"wordCount":195,"publisher":{"@id":"https:\/\/www.cinecens.net\/#organization"},"image":{"@id":"https:\/\/www.cinecens.net\/index.php\/2026\/04\/23\/vu-a-cinecens-il-etait-une-fois-michel-legrand\/#primaryimage"},"thumbnailUrl":"https:\/\/www.cinecens.net\/wp-content\/uploads\/2026\/02\/2026-04-08-Michel-Legrand-Affiche-film-e1770658070256.jpg","articleSection":["Programmation"],"inLanguage":"fr-FR"},{"@type":"WebPage","@id":"https:\/\/www.cinecens.net\/index.php\/2026\/04\/23\/vu-a-cinecens-il-etait-une-fois-michel-legrand\/","url":"https:\/\/www.cinecens.net\/index.php\/2026\/04\/23\/vu-a-cinecens-il-etait-une-fois-michel-legrand\/","name":"Vu \u00e0 Cin\u00e9Cens..Il \u00e9tait une fois Michel Legrand - Cin\u00e9Cens","isPartOf":{"@id":"https:\/\/www.cinecens.net\/#website"},"primaryImageOfPage":{"@id":"https:\/\/www.cinecens.net\/index.php\/2026\/04\/23\/vu-a-cinecens-il-etait-une-fois-michel-legrand\/#primaryimage"},"image":{"@id":"https:\/\/www.cinecens.net\/index.php\/2026\/04\/23\/vu-a-cinecens-il-etait-une-fois-michel-legrand\/#primaryimage"},"thumbnailUrl":"https:\/\/www.cinecens.net\/wp-content\/uploads\/2026\/02\/2026-04-08-Michel-Legrand-Affiche-film-e1770658070256.jpg","datePublished":"2026-04-23T12:23:38+00:00","dateModified":"2026-04-23T12:23:54+00:00","breadcrumb":{"@id":"https:\/\/www.cinecens.net\/index.php\/2026\/04\/23\/vu-a-cinecens-il-etait-une-fois-michel-legrand\/#breadcrumb"},"inLanguage":"fr-FR","potentialAction":[{"@type":"ReadAction","target":["https:\/\/www.cinecens.net\/index.php\/2026\/04\/23\/vu-a-cinecens-il-etait-une-fois-michel-legrand\/"]}]},{"@type":"ImageObject","inLanguage":"fr-FR","@id":"https:\/\/www.cinecens.net\/index.php\/2026\/04\/23\/vu-a-cinecens-il-etait-une-fois-michel-legrand\/#primaryimage","url":"https:\/\/www.cinecens.net\/wp-content\/uploads\/2026\/02\/2026-04-08-Michel-Legrand-Affiche-film-e1770658070256.jpg","contentUrl":"https:\/\/www.cinecens.net\/wp-content\/uploads\/2026\/02\/2026-04-08-Michel-Legrand-Affiche-film-e1770658070256.jpg","width":300,"height":408},{"@type":"BreadcrumbList","@id":"https:\/\/www.cinecens.net\/index.php\/2026\/04\/23\/vu-a-cinecens-il-etait-une-fois-michel-legrand\/#breadcrumb","itemListElement":[{"@type":"ListItem","position":1,"name":"Accueil","item":"https:\/\/www.cinecens.net\/"},{"@type":"ListItem","position":2,"name":"Vu \u00e0 Cin\u00e9Cens..Il \u00e9tait une fois Michel Legrand"}]},{"@type":"WebSite","@id":"https:\/\/www.cinecens.net\/#website","url":"https:\/\/www.cinecens.net\/","name":"Cin\u00e9Cens","description":"Cin\u00e9-Club Orvault","publisher":{"@id":"https:\/\/www.cinecens.net\/#organization"},"potentialAction":[{"@type":"SearchAction","target":{"@type":"EntryPoint","urlTemplate":"https:\/\/www.cinecens.net\/?s={search_term_string}"},"query-input":{"@type":"PropertyValueSpecification","valueRequired":true,"valueName":"search_term_string"}}],"inLanguage":"fr-FR"},{"@type":"Organization","@id":"https:\/\/www.cinecens.net\/#organization","name":"Cin\u00e9Cens","url":"https:\/\/www.cinecens.net\/","logo":{"@type":"ImageObject","inLanguage":"fr-FR","@id":"https:\/\/www.cinecens.net\/#\/schema\/logo\/image\/","url":"https:\/\/www.cinecens.net\/wp-content\/uploads\/2021\/08\/cropped-Logo-CineCens.png","contentUrl":"https:\/\/www.cinecens.net\/wp-content\/uploads\/2021\/08\/cropped-Logo-CineCens.png","width":500,"height":424,"caption":"Cin\u00e9Cens"},"image":{"@id":"https:\/\/www.cinecens.net\/#\/schema\/logo\/image\/"},"sameAs":["https:\/\/www.facebook.com\/RetailVR.officiel","https:\/\/www.instagram.com\/CineCens\/"]},{"@type":"Person","@id":"https:\/\/www.cinecens.net\/#\/schema\/person\/b3c15f67ccbd867de84f365b06626db7","name":"greenlins","image":{"@type":"ImageObject","inLanguage":"fr-FR","@id":"https:\/\/secure.gravatar.com\/avatar\/4814293a030d1bcf2f60d60b2c2735099f8c7fd5908cce820e6ee83685c4453f?s=96&d=mm&r=g","url":"https:\/\/secure.gravatar.com\/avatar\/4814293a030d1bcf2f60d60b2c2735099f8c7fd5908cce820e6ee83685c4453f?s=96&d=mm&r=g","contentUrl":"https:\/\/secure.gravatar.com\/avatar\/4814293a030d1bcf2f60d60b2c2735099f8c7fd5908cce820e6ee83685c4453f?s=96&d=mm&r=g","caption":"greenlins"},"url":"https:\/\/www.cinecens.net\/index.php\/author\/schabot\/"}]}},"_links":{"self":[{"href":"https:\/\/www.cinecens.net\/index.php\/wp-json\/wp\/v2\/posts\/2235","targetHints":{"allow":["GET"]}}],"collection":[{"href":"https:\/\/www.cinecens.net\/index.php\/wp-json\/wp\/v2\/posts"}],"about":[{"href":"https:\/\/www.cinecens.net\/index.php\/wp-json\/wp\/v2\/types\/post"}],"author":[{"embeddable":true,"href":"https:\/\/www.cinecens.net\/index.php\/wp-json\/wp\/v2\/users\/7"}],"replies":[{"embeddable":true,"href":"https:\/\/www.cinecens.net\/index.php\/wp-json\/wp\/v2\/comments?post=2235"}],"version-history":[{"count":2,"href":"https:\/\/www.cinecens.net\/index.php\/wp-json\/wp\/v2\/posts\/2235\/revisions"}],"predecessor-version":[{"id":2237,"href":"https:\/\/www.cinecens.net\/index.php\/wp-json\/wp\/v2\/posts\/2235\/revisions\/2237"}],"wp:featuredmedia":[{"embeddable":true,"href":"https:\/\/www.cinecens.net\/index.php\/wp-json\/wp\/v2\/media\/2176"}],"wp:attachment":[{"href":"https:\/\/www.cinecens.net\/index.php\/wp-json\/wp\/v2\/media?parent=2235"}],"wp:term":[{"taxonomy":"category","embeddable":true,"href":"https:\/\/www.cinecens.net\/index.php\/wp-json\/wp\/v2\/categories?post=2235"},{"taxonomy":"post_tag","embeddable":true,"href":"https:\/\/www.cinecens.net\/index.php\/wp-json\/wp\/v2\/tags?post=2235"}],"curies":[{"name":"wp","href":"https:\/\/api.w.org\/{rel}","templated":true}]}}