{"id":1911,"date":"2025-06-01T22:38:31","date_gmt":"2025-06-01T20:38:31","guid":{"rendered":"https:\/\/www.cinecens.net\/?p=1911"},"modified":"2025-06-01T22:40:55","modified_gmt":"2025-06-01T20:40:55","slug":"vu-a-cinecens-le-grand-bain","status":"publish","type":"post","link":"https:\/\/www.cinecens.net\/index.php\/2025\/06\/01\/vu-a-cinecens-le-grand-bain\/","title":{"rendered":"Vu \u00e0 Cin\u00e9Cens..Le Grand Bain"},"content":{"rendered":"\n<h3 class=\"wp-block-heading\" id=\"Le-Grand-Bain\"><mark style=\"background-color:rgba(0, 0, 0, 0);color:#f4e80b\" class=\"has-inline-color\">Cin\u00e9Cens <\/mark> &#8211; Plongeon dans une histoire dr\u00f4le et touchante !<\/h3>\n\n\n\n<p><strong>S\u00e9ance initialement pr\u00e9vue le vendredi 20 Juin \u00e0 20h30 mais malheureusement annul\u00e9e du fait d&rsquo;un probl\u00e8me technique au th\u00e9atre de la Gobini\u00e8re emp\u00eachant la diffusion.<\/strong><\/p>\n\n\n\n<h2 class=\"wp-block-heading has-accent-color has-text-color\"><em>\u00ab\u00a0Le Grand Bain\u00a0\u00bb<\/em><\/h2>\n\n\n\n<h4 class=\"wp-block-heading\">De Gilles Lellouche (2018, 2h02)<\/h4>\n\n\n\n<div class=\"wp-block-columns is-layout-flex wp-container-core-columns-is-layout-9d6595d7 wp-block-columns-is-layout-flex\">\n<div class=\"wp-block-column is-layout-flow wp-block-column-is-layout-flow\" style=\"flex-basis:33.33%\"><div class=\"wp-block-image\">\n<figure class=\"aligncenter size-full\"><img decoding=\"async\" src=\"https:\/\/www.cinecens.net\/wp-content\/uploads\/2025\/05\/2025-06-20-GrandBain-Affiche.jpg\" alt=\"\" class=\"wp-image-1885\"\/><figcaption class=\"wp-element-caption\">Screenshot<\/figcaption><\/figure>\n<\/div><\/div>\n\n\n\n<div class=\"wp-block-column is-layout-flow wp-block-column-is-layout-flow\" style=\"flex-basis:66.66%\">\n<figure class=\"wp-block-embed is-type-video is-provider-youtube wp-block-embed-youtube wp-embed-aspect-16-9 wp-has-aspect-ratio\"><div class=\"wp-block-embed__wrapper\">\n<iframe title=\"LE GRAND BAIN \u2013 Bande annonce officielle \u2013 Gilles Lellouche (2018)\" width=\"580\" height=\"326\" src=\"https:\/\/www.youtube.com\/embed\/Je3C1hvUCA8?feature=oembed\" frameborder=\"0\" allow=\"accelerometer; autoplay; clipboard-write; encrypted-media; gyroscope; picture-in-picture; web-share\" referrerpolicy=\"strict-origin-when-cross-origin\" allowfullscreen><\/iframe>\n<\/div><\/figure>\n<\/div>\n<\/div>\n\n\n\n<p>Bertrand, la quarantaine, d\u00e9pressif, retrouve un sens \u00e0 sa vie en rejoignant une \u00e9quipe de natation synchronis\u00e9e masculine. Pour chacun des membres, les entra\u00eenements sont une soupape et un refuge. Ensemble ils se sentent plus forts, et ils vont se lancer dans un pari fou: participer au Championnat du monde de natation synchronis\u00e9e masculine. Alors oui, c\u2019est une id\u00e9e d\u00e9bile, mais elle les fera renouer avec l\u2019envie de vivre.<br><mark style=\"background-color:rgba(0, 0, 0, 0);color:#f7e402\" class=\"has-inline-color\"><mark style=\"background-color:rgba(0, 0, 0, 0);color:#f7e402\" class=\"has-inline-color\">L\u2019avis de Cin\u00e9Cens (Vadim) : \u201cUne com\u00e9die dramatique originale et dr\u00f4le qui poss\u00e8de un super casting o\u00f9 aucun acteur n\u2019est mauvais. Une histoire tr\u00e8s originale avec une tr\u00e8s bonne r\u00e9alisation et mise en sc\u00e8ne de la part de Gilles Lellouche, qui signe son premier film solo. Un super film \u00e0 voir sur grand \u00e9cran<\/mark>.\u00a0\u00bb<\/mark><\/p>\n","protected":false},"excerpt":{"rendered":"<p>Cin\u00e9Cens &#8211; Plongeon dans une histoire dr\u00f4le et touchante ! S\u00e9ance initialement pr\u00e9vue le vendredi 20 Juin \u00e0 20h30 mais malheureusement annul\u00e9e du fait d&rsquo;un probl\u00e8me technique au th\u00e9atre de la Gobini\u00e8re emp\u00eachant la diffusion. \u00ab\u00a0Le Grand Bain\u00a0\u00bb De Gilles Lellouche (2018, 2h02) Bertrand, la quarantaine, d\u00e9pressif, retrouve un sens \u00e0 sa vie en rejoignant [&hellip;]<\/p>\n","protected":false},"author":7,"featured_media":1885,"comment_status":"closed","ping_status":"open","sticky":false,"template":"","format":"standard","meta":{"footnotes":""},"categories":[6],"tags":[],"class_list":["post-1911","post","type-post","status-publish","format-standard","has-post-thumbnail","hentry","category-programmation"],"yoast_head":"<!-- This site is optimized with the Yoast SEO plugin v27.4 - https:\/\/yoast.com\/product\/yoast-seo-wordpress\/ -->\n<title>Vu \u00e0 Cin\u00e9Cens..Le Grand Bain - Cin\u00e9Cens<\/title>\n<meta name=\"robots\" content=\"index, follow, max-snippet:-1, max-image-preview:large, max-video-preview:-1\" \/>\n<link rel=\"canonical\" href=\"https:\/\/www.cinecens.net\/index.php\/2025\/06\/01\/vu-a-cinecens-le-grand-bain\/\" \/>\n<meta property=\"og:locale\" content=\"fr_FR\" \/>\n<meta property=\"og:type\" content=\"article\" \/>\n<meta property=\"og:title\" content=\"Vu \u00e0 Cin\u00e9Cens..Le Grand Bain - Cin\u00e9Cens\" \/>\n<meta property=\"og:description\" content=\"Cin\u00e9Cens &#8211; Plongeon dans une histoire dr\u00f4le et touchante ! S\u00e9ance initialement pr\u00e9vue le vendredi 20 Juin \u00e0 20h30 mais malheureusement annul\u00e9e du fait d&rsquo;un probl\u00e8me technique au th\u00e9atre de la Gobini\u00e8re emp\u00eachant la diffusion. \u00ab\u00a0Le Grand Bain\u00a0\u00bb De Gilles Lellouche (2018, 2h02) Bertrand, la quarantaine, d\u00e9pressif, retrouve un sens \u00e0 sa vie en rejoignant [&hellip;]\" \/>\n<meta property=\"og:url\" content=\"https:\/\/www.cinecens.net\/index.php\/2025\/06\/01\/vu-a-cinecens-le-grand-bain\/\" \/>\n<meta property=\"og:site_name\" content=\"Cin\u00e9Cens\" \/>\n<meta property=\"article:publisher\" content=\"https:\/\/www.facebook.com\/RetailVR.officiel\" \/>\n<meta property=\"article:published_time\" content=\"2025-06-01T20:38:31+00:00\" \/>\n<meta property=\"article:modified_time\" content=\"2025-06-01T20:40:55+00:00\" \/>\n<meta property=\"og:image\" content=\"https:\/\/www.cinecens.net\/wp-content\/uploads\/2025\/05\/2025-06-20-GrandBain-Affiche-e1748810305704.jpg\" \/>\n\t<meta property=\"og:image:width\" content=\"300\" \/>\n\t<meta property=\"og:image:height\" content=\"408\" \/>\n\t<meta property=\"og:image:type\" content=\"image\/jpeg\" \/>\n<meta name=\"author\" content=\"greenlins\" \/>\n<meta name=\"twitter:card\" content=\"summary_large_image\" \/>\n<meta name=\"twitter:label1\" content=\"\u00c9crit par\" \/>\n\t<meta name=\"twitter:data1\" content=\"greenlins\" \/>\n\t<meta name=\"twitter:label2\" content=\"Dur\u00e9e de lecture estim\u00e9e\" \/>\n\t<meta name=\"twitter:data2\" content=\"2 minutes\" \/>\n<script type=\"application\/ld+json\" class=\"yoast-schema-graph\">{\"@context\":\"https:\\\/\\\/schema.org\",\"@graph\":[{\"@type\":\"Article\",\"@id\":\"https:\\\/\\\/www.cinecens.net\\\/index.php\\\/2025\\\/06\\\/01\\\/vu-a-cinecens-le-grand-bain\\\/#article\",\"isPartOf\":{\"@id\":\"https:\\\/\\\/www.cinecens.net\\\/index.php\\\/2025\\\/06\\\/01\\\/vu-a-cinecens-le-grand-bain\\\/\"},\"author\":{\"name\":\"greenlins\",\"@id\":\"https:\\\/\\\/www.cinecens.net\\\/#\\\/schema\\\/person\\\/b3c15f67ccbd867de84f365b06626db7\"},\"headline\":\"Vu \u00e0 Cin\u00e9Cens..Le Grand Bain\",\"datePublished\":\"2025-06-01T20:38:31+00:00\",\"dateModified\":\"2025-06-01T20:40:55+00:00\",\"mainEntityOfPage\":{\"@id\":\"https:\\\/\\\/www.cinecens.net\\\/index.php\\\/2025\\\/06\\\/01\\\/vu-a-cinecens-le-grand-bain\\\/\"},\"wordCount\":207,\"publisher\":{\"@id\":\"https:\\\/\\\/www.cinecens.net\\\/#organization\"},\"image\":{\"@id\":\"https:\\\/\\\/www.cinecens.net\\\/index.php\\\/2025\\\/06\\\/01\\\/vu-a-cinecens-le-grand-bain\\\/#primaryimage\"},\"thumbnailUrl\":\"https:\\\/\\\/www.cinecens.net\\\/wp-content\\\/uploads\\\/2025\\\/05\\\/2025-06-20-GrandBain-Affiche-e1748810305704.jpg\",\"articleSection\":[\"Programmation\"],\"inLanguage\":\"fr-FR\"},{\"@type\":\"WebPage\",\"@id\":\"https:\\\/\\\/www.cinecens.net\\\/index.php\\\/2025\\\/06\\\/01\\\/vu-a-cinecens-le-grand-bain\\\/\",\"url\":\"https:\\\/\\\/www.cinecens.net\\\/index.php\\\/2025\\\/06\\\/01\\\/vu-a-cinecens-le-grand-bain\\\/\",\"name\":\"Vu \u00e0 Cin\u00e9Cens..Le Grand Bain - Cin\u00e9Cens\",\"isPartOf\":{\"@id\":\"https:\\\/\\\/www.cinecens.net\\\/#website\"},\"primaryImageOfPage\":{\"@id\":\"https:\\\/\\\/www.cinecens.net\\\/index.php\\\/2025\\\/06\\\/01\\\/vu-a-cinecens-le-grand-bain\\\/#primaryimage\"},\"image\":{\"@id\":\"https:\\\/\\\/www.cinecens.net\\\/index.php\\\/2025\\\/06\\\/01\\\/vu-a-cinecens-le-grand-bain\\\/#primaryimage\"},\"thumbnailUrl\":\"https:\\\/\\\/www.cinecens.net\\\/wp-content\\\/uploads\\\/2025\\\/05\\\/2025-06-20-GrandBain-Affiche-e1748810305704.jpg\",\"datePublished\":\"2025-06-01T20:38:31+00:00\",\"dateModified\":\"2025-06-01T20:40:55+00:00\",\"breadcrumb\":{\"@id\":\"https:\\\/\\\/www.cinecens.net\\\/index.php\\\/2025\\\/06\\\/01\\\/vu-a-cinecens-le-grand-bain\\\/#breadcrumb\"},\"inLanguage\":\"fr-FR\",\"potentialAction\":[{\"@type\":\"ReadAction\",\"target\":[\"https:\\\/\\\/www.cinecens.net\\\/index.php\\\/2025\\\/06\\\/01\\\/vu-a-cinecens-le-grand-bain\\\/\"]}]},{\"@type\":\"ImageObject\",\"inLanguage\":\"fr-FR\",\"@id\":\"https:\\\/\\\/www.cinecens.net\\\/index.php\\\/2025\\\/06\\\/01\\\/vu-a-cinecens-le-grand-bain\\\/#primaryimage\",\"url\":\"https:\\\/\\\/www.cinecens.net\\\/wp-content\\\/uploads\\\/2025\\\/05\\\/2025-06-20-GrandBain-Affiche-e1748810305704.jpg\",\"contentUrl\":\"https:\\\/\\\/www.cinecens.net\\\/wp-content\\\/uploads\\\/2025\\\/05\\\/2025-06-20-GrandBain-Affiche-e1748810305704.jpg\",\"width\":300,\"height\":408},{\"@type\":\"BreadcrumbList\",\"@id\":\"https:\\\/\\\/www.cinecens.net\\\/index.php\\\/2025\\\/06\\\/01\\\/vu-a-cinecens-le-grand-bain\\\/#breadcrumb\",\"itemListElement\":[{\"@type\":\"ListItem\",\"position\":1,\"name\":\"Accueil\",\"item\":\"https:\\\/\\\/www.cinecens.net\\\/\"},{\"@type\":\"ListItem\",\"position\":2,\"name\":\"Vu \u00e0 Cin\u00e9Cens..Le Grand Bain\"}]},{\"@type\":\"WebSite\",\"@id\":\"https:\\\/\\\/www.cinecens.net\\\/#website\",\"url\":\"https:\\\/\\\/www.cinecens.net\\\/\",\"name\":\"Cin\u00e9Cens\",\"description\":\"Cin\u00e9-Club Orvault\",\"publisher\":{\"@id\":\"https:\\\/\\\/www.cinecens.net\\\/#organization\"},\"potentialAction\":[{\"@type\":\"SearchAction\",\"target\":{\"@type\":\"EntryPoint\",\"urlTemplate\":\"https:\\\/\\\/www.cinecens.net\\\/?s={search_term_string}\"},\"query-input\":{\"@type\":\"PropertyValueSpecification\",\"valueRequired\":true,\"valueName\":\"search_term_string\"}}],\"inLanguage\":\"fr-FR\"},{\"@type\":\"Organization\",\"@id\":\"https:\\\/\\\/www.cinecens.net\\\/#organization\",\"name\":\"Cin\u00e9Cens\",\"url\":\"https:\\\/\\\/www.cinecens.net\\\/\",\"logo\":{\"@type\":\"ImageObject\",\"inLanguage\":\"fr-FR\",\"@id\":\"https:\\\/\\\/www.cinecens.net\\\/#\\\/schema\\\/logo\\\/image\\\/\",\"url\":\"https:\\\/\\\/www.cinecens.net\\\/wp-content\\\/uploads\\\/2021\\\/08\\\/cropped-Logo-CineCens.png\",\"contentUrl\":\"https:\\\/\\\/www.cinecens.net\\\/wp-content\\\/uploads\\\/2021\\\/08\\\/cropped-Logo-CineCens.png\",\"width\":500,\"height\":424,\"caption\":\"Cin\u00e9Cens\"},\"image\":{\"@id\":\"https:\\\/\\\/www.cinecens.net\\\/#\\\/schema\\\/logo\\\/image\\\/\"},\"sameAs\":[\"https:\\\/\\\/www.facebook.com\\\/RetailVR.officiel\",\"https:\\\/\\\/www.instagram.com\\\/CineCens\\\/\"]},{\"@type\":\"Person\",\"@id\":\"https:\\\/\\\/www.cinecens.net\\\/#\\\/schema\\\/person\\\/b3c15f67ccbd867de84f365b06626db7\",\"name\":\"greenlins\",\"image\":{\"@type\":\"ImageObject\",\"inLanguage\":\"fr-FR\",\"@id\":\"https:\\\/\\\/secure.gravatar.com\\\/avatar\\\/4814293a030d1bcf2f60d60b2c2735099f8c7fd5908cce820e6ee83685c4453f?s=96&d=mm&r=g\",\"url\":\"https:\\\/\\\/secure.gravatar.com\\\/avatar\\\/4814293a030d1bcf2f60d60b2c2735099f8c7fd5908cce820e6ee83685c4453f?s=96&d=mm&r=g\",\"contentUrl\":\"https:\\\/\\\/secure.gravatar.com\\\/avatar\\\/4814293a030d1bcf2f60d60b2c2735099f8c7fd5908cce820e6ee83685c4453f?s=96&d=mm&r=g\",\"caption\":\"greenlins\"},\"url\":\"https:\\\/\\\/www.cinecens.net\\\/index.php\\\/author\\\/schabot\\\/\"}]}<\/script>\n<!-- \/ Yoast SEO plugin. -->","yoast_head_json":{"title":"Vu \u00e0 Cin\u00e9Cens..Le Grand Bain - Cin\u00e9Cens","robots":{"index":"index","follow":"follow","max-snippet":"max-snippet:-1","max-image-preview":"max-image-preview:large","max-video-preview":"max-video-preview:-1"},"canonical":"https:\/\/www.cinecens.net\/index.php\/2025\/06\/01\/vu-a-cinecens-le-grand-bain\/","og_locale":"fr_FR","og_type":"article","og_title":"Vu \u00e0 Cin\u00e9Cens..Le Grand Bain - Cin\u00e9Cens","og_description":"Cin\u00e9Cens &#8211; Plongeon dans une histoire dr\u00f4le et touchante ! S\u00e9ance initialement pr\u00e9vue le vendredi 20 Juin \u00e0 20h30 mais malheureusement annul\u00e9e du fait d&rsquo;un probl\u00e8me technique au th\u00e9atre de la Gobini\u00e8re emp\u00eachant la diffusion. \u00ab\u00a0Le Grand Bain\u00a0\u00bb De Gilles Lellouche (2018, 2h02) Bertrand, la quarantaine, d\u00e9pressif, retrouve un sens \u00e0 sa vie en rejoignant [&hellip;]","og_url":"https:\/\/www.cinecens.net\/index.php\/2025\/06\/01\/vu-a-cinecens-le-grand-bain\/","og_site_name":"Cin\u00e9Cens","article_publisher":"https:\/\/www.facebook.com\/RetailVR.officiel","article_published_time":"2025-06-01T20:38:31+00:00","article_modified_time":"2025-06-01T20:40:55+00:00","og_image":[{"width":300,"height":408,"url":"https:\/\/www.cinecens.net\/wp-content\/uploads\/2025\/05\/2025-06-20-GrandBain-Affiche-e1748810305704.jpg","type":"image\/jpeg"}],"author":"greenlins","twitter_card":"summary_large_image","twitter_misc":{"\u00c9crit par":"greenlins","Dur\u00e9e de lecture estim\u00e9e":"2 minutes"},"schema":{"@context":"https:\/\/schema.org","@graph":[{"@type":"Article","@id":"https:\/\/www.cinecens.net\/index.php\/2025\/06\/01\/vu-a-cinecens-le-grand-bain\/#article","isPartOf":{"@id":"https:\/\/www.cinecens.net\/index.php\/2025\/06\/01\/vu-a-cinecens-le-grand-bain\/"},"author":{"name":"greenlins","@id":"https:\/\/www.cinecens.net\/#\/schema\/person\/b3c15f67ccbd867de84f365b06626db7"},"headline":"Vu \u00e0 Cin\u00e9Cens..Le Grand Bain","datePublished":"2025-06-01T20:38:31+00:00","dateModified":"2025-06-01T20:40:55+00:00","mainEntityOfPage":{"@id":"https:\/\/www.cinecens.net\/index.php\/2025\/06\/01\/vu-a-cinecens-le-grand-bain\/"},"wordCount":207,"publisher":{"@id":"https:\/\/www.cinecens.net\/#organization"},"image":{"@id":"https:\/\/www.cinecens.net\/index.php\/2025\/06\/01\/vu-a-cinecens-le-grand-bain\/#primaryimage"},"thumbnailUrl":"https:\/\/www.cinecens.net\/wp-content\/uploads\/2025\/05\/2025-06-20-GrandBain-Affiche-e1748810305704.jpg","articleSection":["Programmation"],"inLanguage":"fr-FR"},{"@type":"WebPage","@id":"https:\/\/www.cinecens.net\/index.php\/2025\/06\/01\/vu-a-cinecens-le-grand-bain\/","url":"https:\/\/www.cinecens.net\/index.php\/2025\/06\/01\/vu-a-cinecens-le-grand-bain\/","name":"Vu \u00e0 Cin\u00e9Cens..Le Grand Bain - Cin\u00e9Cens","isPartOf":{"@id":"https:\/\/www.cinecens.net\/#website"},"primaryImageOfPage":{"@id":"https:\/\/www.cinecens.net\/index.php\/2025\/06\/01\/vu-a-cinecens-le-grand-bain\/#primaryimage"},"image":{"@id":"https:\/\/www.cinecens.net\/index.php\/2025\/06\/01\/vu-a-cinecens-le-grand-bain\/#primaryimage"},"thumbnailUrl":"https:\/\/www.cinecens.net\/wp-content\/uploads\/2025\/05\/2025-06-20-GrandBain-Affiche-e1748810305704.jpg","datePublished":"2025-06-01T20:38:31+00:00","dateModified":"2025-06-01T20:40:55+00:00","breadcrumb":{"@id":"https:\/\/www.cinecens.net\/index.php\/2025\/06\/01\/vu-a-cinecens-le-grand-bain\/#breadcrumb"},"inLanguage":"fr-FR","potentialAction":[{"@type":"ReadAction","target":["https:\/\/www.cinecens.net\/index.php\/2025\/06\/01\/vu-a-cinecens-le-grand-bain\/"]}]},{"@type":"ImageObject","inLanguage":"fr-FR","@id":"https:\/\/www.cinecens.net\/index.php\/2025\/06\/01\/vu-a-cinecens-le-grand-bain\/#primaryimage","url":"https:\/\/www.cinecens.net\/wp-content\/uploads\/2025\/05\/2025-06-20-GrandBain-Affiche-e1748810305704.jpg","contentUrl":"https:\/\/www.cinecens.net\/wp-content\/uploads\/2025\/05\/2025-06-20-GrandBain-Affiche-e1748810305704.jpg","width":300,"height":408},{"@type":"BreadcrumbList","@id":"https:\/\/www.cinecens.net\/index.php\/2025\/06\/01\/vu-a-cinecens-le-grand-bain\/#breadcrumb","itemListElement":[{"@type":"ListItem","position":1,"name":"Accueil","item":"https:\/\/www.cinecens.net\/"},{"@type":"ListItem","position":2,"name":"Vu \u00e0 Cin\u00e9Cens..Le Grand Bain"}]},{"@type":"WebSite","@id":"https:\/\/www.cinecens.net\/#website","url":"https:\/\/www.cinecens.net\/","name":"Cin\u00e9Cens","description":"Cin\u00e9-Club Orvault","publisher":{"@id":"https:\/\/www.cinecens.net\/#organization"},"potentialAction":[{"@type":"SearchAction","target":{"@type":"EntryPoint","urlTemplate":"https:\/\/www.cinecens.net\/?s={search_term_string}"},"query-input":{"@type":"PropertyValueSpecification","valueRequired":true,"valueName":"search_term_string"}}],"inLanguage":"fr-FR"},{"@type":"Organization","@id":"https:\/\/www.cinecens.net\/#organization","name":"Cin\u00e9Cens","url":"https:\/\/www.cinecens.net\/","logo":{"@type":"ImageObject","inLanguage":"fr-FR","@id":"https:\/\/www.cinecens.net\/#\/schema\/logo\/image\/","url":"https:\/\/www.cinecens.net\/wp-content\/uploads\/2021\/08\/cropped-Logo-CineCens.png","contentUrl":"https:\/\/www.cinecens.net\/wp-content\/uploads\/2021\/08\/cropped-Logo-CineCens.png","width":500,"height":424,"caption":"Cin\u00e9Cens"},"image":{"@id":"https:\/\/www.cinecens.net\/#\/schema\/logo\/image\/"},"sameAs":["https:\/\/www.facebook.com\/RetailVR.officiel","https:\/\/www.instagram.com\/CineCens\/"]},{"@type":"Person","@id":"https:\/\/www.cinecens.net\/#\/schema\/person\/b3c15f67ccbd867de84f365b06626db7","name":"greenlins","image":{"@type":"ImageObject","inLanguage":"fr-FR","@id":"https:\/\/secure.gravatar.com\/avatar\/4814293a030d1bcf2f60d60b2c2735099f8c7fd5908cce820e6ee83685c4453f?s=96&d=mm&r=g","url":"https:\/\/secure.gravatar.com\/avatar\/4814293a030d1bcf2f60d60b2c2735099f8c7fd5908cce820e6ee83685c4453f?s=96&d=mm&r=g","contentUrl":"https:\/\/secure.gravatar.com\/avatar\/4814293a030d1bcf2f60d60b2c2735099f8c7fd5908cce820e6ee83685c4453f?s=96&d=mm&r=g","caption":"greenlins"},"url":"https:\/\/www.cinecens.net\/index.php\/author\/schabot\/"}]}},"_links":{"self":[{"href":"https:\/\/www.cinecens.net\/index.php\/wp-json\/wp\/v2\/posts\/1911","targetHints":{"allow":["GET"]}}],"collection":[{"href":"https:\/\/www.cinecens.net\/index.php\/wp-json\/wp\/v2\/posts"}],"about":[{"href":"https:\/\/www.cinecens.net\/index.php\/wp-json\/wp\/v2\/types\/post"}],"author":[{"embeddable":true,"href":"https:\/\/www.cinecens.net\/index.php\/wp-json\/wp\/v2\/users\/7"}],"replies":[{"embeddable":true,"href":"https:\/\/www.cinecens.net\/index.php\/wp-json\/wp\/v2\/comments?post=1911"}],"version-history":[{"count":3,"href":"https:\/\/www.cinecens.net\/index.php\/wp-json\/wp\/v2\/posts\/1911\/revisions"}],"predecessor-version":[{"id":1916,"href":"https:\/\/www.cinecens.net\/index.php\/wp-json\/wp\/v2\/posts\/1911\/revisions\/1916"}],"wp:featuredmedia":[{"embeddable":true,"href":"https:\/\/www.cinecens.net\/index.php\/wp-json\/wp\/v2\/media\/1885"}],"wp:attachment":[{"href":"https:\/\/www.cinecens.net\/index.php\/wp-json\/wp\/v2\/media?parent=1911"}],"wp:term":[{"taxonomy":"category","embeddable":true,"href":"https:\/\/www.cinecens.net\/index.php\/wp-json\/wp\/v2\/categories?post=1911"},{"taxonomy":"post_tag","embeddable":true,"href":"https:\/\/www.cinecens.net\/index.php\/wp-json\/wp\/v2\/tags?post=1911"}],"curies":[{"name":"wp","href":"https:\/\/api.w.org\/{rel}","templated":true}]}}