{"id":1779,"date":"2025-03-17T08:42:08","date_gmt":"2025-03-17T07:42:08","guid":{"rendered":"https:\/\/www.cinecens.net\/?p=1779"},"modified":"2025-03-17T08:42:09","modified_gmt":"2025-03-17T07:42:09","slug":"vu-a-cinecens-les-figures-de-lombre","status":"publish","type":"post","link":"https:\/\/www.cinecens.net\/index.php\/2025\/03\/17\/vu-a-cinecens-les-figures-de-lombre\/","title":{"rendered":"Vu \u00e0 Cin\u00e9Cens..Les Figures de l&rsquo;ombre"},"content":{"rendered":"\n<h3 class=\"wp-block-heading\" id=\"Les-Figures-de-l'ombre\"><mark style=\"background-color:rgba(0, 0, 0, 0);color:#f4e80b\" class=\"has-inline-color\">Cin\u00e9Cens <\/mark>&#8211; Mercredi 5 mars \u00e0 20h30 &#8211; Cin\u00e9-D\u00e9bat sur le droit des femmes : Des femmes brillantes aux destins extraordinaires<\/h3>\n\n\n\n<h2 class=\"wp-block-heading has-accent-color has-text-color\" id=\"Les-noces-fun\u00e8bres\">\u00ab\u00a0Les Figures de l&rsquo;ombre\u00a0\u00bb<\/h2>\n\n\n\n<h4 class=\"wp-block-heading\">De Theodore Melfi (2016, 2h07min) &#8211; Tout public<\/h4>\n\n\n\n<div class=\"wp-block-columns is-layout-flex wp-container-core-columns-is-layout-9d6595d7 wp-block-columns-is-layout-flex\">\n<div class=\"wp-block-column is-layout-flow wp-block-column-is-layout-flow\" style=\"flex-basis:33.33%\"><div class=\"wp-block-image\">\n<figure class=\"aligncenter size-full\"><img decoding=\"async\" src=\"https:\/\/www.cinecens.net\/wp-content\/uploads\/2025\/02\/2025-03-05-Figures-Affiche.jpg\" alt=\"\" class=\"wp-image-1690\"\/><\/figure>\n<\/div><\/div>\n\n\n\n<div class=\"wp-block-column is-layout-flow wp-block-column-is-layout-flow\" style=\"flex-basis:66.66%\">\n<figure class=\"wp-block-embed is-type-video is-provider-youtube wp-block-embed-youtube wp-embed-aspect-16-9 wp-has-aspect-ratio\"><div class=\"wp-block-embed__wrapper\">\n<iframe title=\"Les Figures de l&#039;Ombre - Bande annonce internationale [Officielle] VOST HD\" width=\"580\" height=\"326\" src=\"https:\/\/www.youtube.com\/embed\/YhOI3idTasA?feature=oembed\" frameborder=\"0\" allow=\"accelerometer; autoplay; clipboard-write; encrypted-media; gyroscope; picture-in-picture; web-share\" referrerpolicy=\"strict-origin-when-cross-origin\" allowfullscreen><\/iframe>\n<\/div><\/figure>\n<\/div>\n<\/div>\n\n\n\n<p>L&rsquo;histoire vraie de 3 femmes afro-am\u00e9ricaines ayant contribu\u00e9 au succ\u00e8s des programmes de la NASA, en pleine p\u00e9riode de s\u00e9gr\u00e9gation, et alors que la guerre pour la conqu\u00eate spatiale fait rage entre les USA et l&rsquo;URSS.<br>Le film montre les discriminations raciales et sexistes auxquelles elles ont \u00e9t\u00e9 confront\u00e9es vis \u00e0 vis de leur sup\u00e9rieur pendant leur carri\u00e8re au sein de l&rsquo;agence am\u00e9ricaine.<\/p>\n\n\n\n<p><mark style=\"background-color:rgba(0, 0, 0, 0)\" class=\"has-inline-color has-accent-color\">Une s\u00e9ance organis\u00e9e dans le cadre de la journ\u00e9e internationale des droits des femmes (8 mars 2025).<\/mark><\/p>\n\n\n\n<p><mark style=\"background-color:rgba(0, 0, 0, 0);color:#fffc00\" class=\"has-inline-color\"><mark style=\"background-color:rgba(0, 0, 0, 0);color:#fffc00\" class=\"has-inline-color\">L&rsquo;avis de Cin\u00e9Cens (Virginie) : Un grand cri f\u00e9ministe entre racisme et sexisme. Une r\u00e9habilitation pour ses femmes qui \u00e9taient oubli\u00e9es et qui d\u00e9fendent le droit \u00e0 l&rsquo; \u00c9galit\u00e9.<\/mark><\/mark><\/p>\n","protected":false},"excerpt":{"rendered":"<p>Cin\u00e9Cens &#8211; Mercredi 5 mars \u00e0 20h30 &#8211; Cin\u00e9-D\u00e9bat sur le droit des femmes : Des femmes brillantes aux destins extraordinaires \u00ab\u00a0Les Figures de l&rsquo;ombre\u00a0\u00bb De Theodore Melfi (2016, 2h07min) &#8211; Tout public L&rsquo;histoire vraie de 3 femmes afro-am\u00e9ricaines ayant contribu\u00e9 au succ\u00e8s des programmes de la NASA, en pleine p\u00e9riode de s\u00e9gr\u00e9gation, et alors [&hellip;]<\/p>\n","protected":false},"author":7,"featured_media":1690,"comment_status":"closed","ping_status":"open","sticky":false,"template":"","format":"standard","meta":{"footnotes":""},"categories":[6],"tags":[],"class_list":["post-1779","post","type-post","status-publish","format-standard","has-post-thumbnail","hentry","category-programmation"],"yoast_head":"<!-- This site is optimized with the Yoast SEO plugin v27.4 - https:\/\/yoast.com\/product\/yoast-seo-wordpress\/ -->\n<title>Vu \u00e0 Cin\u00e9Cens..Les Figures de l&#039;ombre - Cin\u00e9Cens<\/title>\n<meta name=\"robots\" content=\"index, follow, max-snippet:-1, max-image-preview:large, max-video-preview:-1\" \/>\n<link rel=\"canonical\" href=\"https:\/\/www.cinecens.net\/index.php\/2025\/03\/17\/vu-a-cinecens-les-figures-de-lombre\/\" \/>\n<meta property=\"og:locale\" content=\"fr_FR\" \/>\n<meta property=\"og:type\" content=\"article\" \/>\n<meta property=\"og:title\" content=\"Vu \u00e0 Cin\u00e9Cens..Les Figures de l&#039;ombre - Cin\u00e9Cens\" \/>\n<meta property=\"og:description\" content=\"Cin\u00e9Cens &#8211; Mercredi 5 mars \u00e0 20h30 &#8211; Cin\u00e9-D\u00e9bat sur le droit des femmes : Des femmes brillantes aux destins extraordinaires \u00ab\u00a0Les Figures de l&rsquo;ombre\u00a0\u00bb De Theodore Melfi (2016, 2h07min) &#8211; Tout public L&rsquo;histoire vraie de 3 femmes afro-am\u00e9ricaines ayant contribu\u00e9 au succ\u00e8s des programmes de la NASA, en pleine p\u00e9riode de s\u00e9gr\u00e9gation, et alors [&hellip;]\" \/>\n<meta property=\"og:url\" content=\"https:\/\/www.cinecens.net\/index.php\/2025\/03\/17\/vu-a-cinecens-les-figures-de-lombre\/\" \/>\n<meta property=\"og:site_name\" content=\"Cin\u00e9Cens\" \/>\n<meta property=\"article:publisher\" content=\"https:\/\/www.facebook.com\/RetailVR.officiel\" \/>\n<meta property=\"article:published_time\" content=\"2025-03-17T07:42:08+00:00\" \/>\n<meta property=\"article:modified_time\" content=\"2025-03-17T07:42:09+00:00\" \/>\n<meta property=\"og:image\" content=\"https:\/\/www.cinecens.net\/wp-content\/uploads\/2025\/02\/2025-03-05-Figures-Affiche-e1742197322424.jpg\" \/>\n\t<meta property=\"og:image:width\" content=\"300\" \/>\n\t<meta property=\"og:image:height\" content=\"400\" \/>\n\t<meta property=\"og:image:type\" content=\"image\/jpeg\" \/>\n<meta name=\"author\" content=\"greenlins\" \/>\n<meta name=\"twitter:card\" content=\"summary_large_image\" \/>\n<meta name=\"twitter:label1\" content=\"\u00c9crit par\" \/>\n\t<meta name=\"twitter:data1\" content=\"greenlins\" \/>\n\t<meta name=\"twitter:label2\" content=\"Dur\u00e9e de lecture estim\u00e9e\" \/>\n\t<meta name=\"twitter:data2\" content=\"2 minutes\" \/>\n<script type=\"application\/ld+json\" class=\"yoast-schema-graph\">{\"@context\":\"https:\\\/\\\/schema.org\",\"@graph\":[{\"@type\":\"Article\",\"@id\":\"https:\\\/\\\/www.cinecens.net\\\/index.php\\\/2025\\\/03\\\/17\\\/vu-a-cinecens-les-figures-de-lombre\\\/#article\",\"isPartOf\":{\"@id\":\"https:\\\/\\\/www.cinecens.net\\\/index.php\\\/2025\\\/03\\\/17\\\/vu-a-cinecens-les-figures-de-lombre\\\/\"},\"author\":{\"name\":\"greenlins\",\"@id\":\"https:\\\/\\\/www.cinecens.net\\\/#\\\/schema\\\/person\\\/b3c15f67ccbd867de84f365b06626db7\"},\"headline\":\"Vu \u00e0 Cin\u00e9Cens..Les Figures de l&rsquo;ombre\",\"datePublished\":\"2025-03-17T07:42:08+00:00\",\"dateModified\":\"2025-03-17T07:42:09+00:00\",\"mainEntityOfPage\":{\"@id\":\"https:\\\/\\\/www.cinecens.net\\\/index.php\\\/2025\\\/03\\\/17\\\/vu-a-cinecens-les-figures-de-lombre\\\/\"},\"wordCount\":175,\"publisher\":{\"@id\":\"https:\\\/\\\/www.cinecens.net\\\/#organization\"},\"image\":{\"@id\":\"https:\\\/\\\/www.cinecens.net\\\/index.php\\\/2025\\\/03\\\/17\\\/vu-a-cinecens-les-figures-de-lombre\\\/#primaryimage\"},\"thumbnailUrl\":\"https:\\\/\\\/www.cinecens.net\\\/wp-content\\\/uploads\\\/2025\\\/02\\\/2025-03-05-Figures-Affiche-e1742197322424.jpg\",\"articleSection\":[\"Programmation\"],\"inLanguage\":\"fr-FR\"},{\"@type\":\"WebPage\",\"@id\":\"https:\\\/\\\/www.cinecens.net\\\/index.php\\\/2025\\\/03\\\/17\\\/vu-a-cinecens-les-figures-de-lombre\\\/\",\"url\":\"https:\\\/\\\/www.cinecens.net\\\/index.php\\\/2025\\\/03\\\/17\\\/vu-a-cinecens-les-figures-de-lombre\\\/\",\"name\":\"Vu \u00e0 Cin\u00e9Cens..Les Figures de l'ombre - Cin\u00e9Cens\",\"isPartOf\":{\"@id\":\"https:\\\/\\\/www.cinecens.net\\\/#website\"},\"primaryImageOfPage\":{\"@id\":\"https:\\\/\\\/www.cinecens.net\\\/index.php\\\/2025\\\/03\\\/17\\\/vu-a-cinecens-les-figures-de-lombre\\\/#primaryimage\"},\"image\":{\"@id\":\"https:\\\/\\\/www.cinecens.net\\\/index.php\\\/2025\\\/03\\\/17\\\/vu-a-cinecens-les-figures-de-lombre\\\/#primaryimage\"},\"thumbnailUrl\":\"https:\\\/\\\/www.cinecens.net\\\/wp-content\\\/uploads\\\/2025\\\/02\\\/2025-03-05-Figures-Affiche-e1742197322424.jpg\",\"datePublished\":\"2025-03-17T07:42:08+00:00\",\"dateModified\":\"2025-03-17T07:42:09+00:00\",\"breadcrumb\":{\"@id\":\"https:\\\/\\\/www.cinecens.net\\\/index.php\\\/2025\\\/03\\\/17\\\/vu-a-cinecens-les-figures-de-lombre\\\/#breadcrumb\"},\"inLanguage\":\"fr-FR\",\"potentialAction\":[{\"@type\":\"ReadAction\",\"target\":[\"https:\\\/\\\/www.cinecens.net\\\/index.php\\\/2025\\\/03\\\/17\\\/vu-a-cinecens-les-figures-de-lombre\\\/\"]}]},{\"@type\":\"ImageObject\",\"inLanguage\":\"fr-FR\",\"@id\":\"https:\\\/\\\/www.cinecens.net\\\/index.php\\\/2025\\\/03\\\/17\\\/vu-a-cinecens-les-figures-de-lombre\\\/#primaryimage\",\"url\":\"https:\\\/\\\/www.cinecens.net\\\/wp-content\\\/uploads\\\/2025\\\/02\\\/2025-03-05-Figures-Affiche-e1742197322424.jpg\",\"contentUrl\":\"https:\\\/\\\/www.cinecens.net\\\/wp-content\\\/uploads\\\/2025\\\/02\\\/2025-03-05-Figures-Affiche-e1742197322424.jpg\",\"width\":300,\"height\":400},{\"@type\":\"BreadcrumbList\",\"@id\":\"https:\\\/\\\/www.cinecens.net\\\/index.php\\\/2025\\\/03\\\/17\\\/vu-a-cinecens-les-figures-de-lombre\\\/#breadcrumb\",\"itemListElement\":[{\"@type\":\"ListItem\",\"position\":1,\"name\":\"Accueil\",\"item\":\"https:\\\/\\\/www.cinecens.net\\\/\"},{\"@type\":\"ListItem\",\"position\":2,\"name\":\"Vu \u00e0 Cin\u00e9Cens..Les Figures de l&rsquo;ombre\"}]},{\"@type\":\"WebSite\",\"@id\":\"https:\\\/\\\/www.cinecens.net\\\/#website\",\"url\":\"https:\\\/\\\/www.cinecens.net\\\/\",\"name\":\"Cin\u00e9Cens\",\"description\":\"Cin\u00e9-Club Orvault\",\"publisher\":{\"@id\":\"https:\\\/\\\/www.cinecens.net\\\/#organization\"},\"potentialAction\":[{\"@type\":\"SearchAction\",\"target\":{\"@type\":\"EntryPoint\",\"urlTemplate\":\"https:\\\/\\\/www.cinecens.net\\\/?s={search_term_string}\"},\"query-input\":{\"@type\":\"PropertyValueSpecification\",\"valueRequired\":true,\"valueName\":\"search_term_string\"}}],\"inLanguage\":\"fr-FR\"},{\"@type\":\"Organization\",\"@id\":\"https:\\\/\\\/www.cinecens.net\\\/#organization\",\"name\":\"Cin\u00e9Cens\",\"url\":\"https:\\\/\\\/www.cinecens.net\\\/\",\"logo\":{\"@type\":\"ImageObject\",\"inLanguage\":\"fr-FR\",\"@id\":\"https:\\\/\\\/www.cinecens.net\\\/#\\\/schema\\\/logo\\\/image\\\/\",\"url\":\"https:\\\/\\\/www.cinecens.net\\\/wp-content\\\/uploads\\\/2021\\\/08\\\/cropped-Logo-CineCens.png\",\"contentUrl\":\"https:\\\/\\\/www.cinecens.net\\\/wp-content\\\/uploads\\\/2021\\\/08\\\/cropped-Logo-CineCens.png\",\"width\":500,\"height\":424,\"caption\":\"Cin\u00e9Cens\"},\"image\":{\"@id\":\"https:\\\/\\\/www.cinecens.net\\\/#\\\/schema\\\/logo\\\/image\\\/\"},\"sameAs\":[\"https:\\\/\\\/www.facebook.com\\\/RetailVR.officiel\",\"https:\\\/\\\/www.instagram.com\\\/CineCens\\\/\"]},{\"@type\":\"Person\",\"@id\":\"https:\\\/\\\/www.cinecens.net\\\/#\\\/schema\\\/person\\\/b3c15f67ccbd867de84f365b06626db7\",\"name\":\"greenlins\",\"image\":{\"@type\":\"ImageObject\",\"inLanguage\":\"fr-FR\",\"@id\":\"https:\\\/\\\/secure.gravatar.com\\\/avatar\\\/4814293a030d1bcf2f60d60b2c2735099f8c7fd5908cce820e6ee83685c4453f?s=96&d=mm&r=g\",\"url\":\"https:\\\/\\\/secure.gravatar.com\\\/avatar\\\/4814293a030d1bcf2f60d60b2c2735099f8c7fd5908cce820e6ee83685c4453f?s=96&d=mm&r=g\",\"contentUrl\":\"https:\\\/\\\/secure.gravatar.com\\\/avatar\\\/4814293a030d1bcf2f60d60b2c2735099f8c7fd5908cce820e6ee83685c4453f?s=96&d=mm&r=g\",\"caption\":\"greenlins\"},\"url\":\"https:\\\/\\\/www.cinecens.net\\\/index.php\\\/author\\\/schabot\\\/\"}]}<\/script>\n<!-- \/ Yoast SEO plugin. -->","yoast_head_json":{"title":"Vu \u00e0 Cin\u00e9Cens..Les Figures de l'ombre - Cin\u00e9Cens","robots":{"index":"index","follow":"follow","max-snippet":"max-snippet:-1","max-image-preview":"max-image-preview:large","max-video-preview":"max-video-preview:-1"},"canonical":"https:\/\/www.cinecens.net\/index.php\/2025\/03\/17\/vu-a-cinecens-les-figures-de-lombre\/","og_locale":"fr_FR","og_type":"article","og_title":"Vu \u00e0 Cin\u00e9Cens..Les Figures de l'ombre - Cin\u00e9Cens","og_description":"Cin\u00e9Cens &#8211; Mercredi 5 mars \u00e0 20h30 &#8211; Cin\u00e9-D\u00e9bat sur le droit des femmes : Des femmes brillantes aux destins extraordinaires \u00ab\u00a0Les Figures de l&rsquo;ombre\u00a0\u00bb De Theodore Melfi (2016, 2h07min) &#8211; Tout public L&rsquo;histoire vraie de 3 femmes afro-am\u00e9ricaines ayant contribu\u00e9 au succ\u00e8s des programmes de la NASA, en pleine p\u00e9riode de s\u00e9gr\u00e9gation, et alors [&hellip;]","og_url":"https:\/\/www.cinecens.net\/index.php\/2025\/03\/17\/vu-a-cinecens-les-figures-de-lombre\/","og_site_name":"Cin\u00e9Cens","article_publisher":"https:\/\/www.facebook.com\/RetailVR.officiel","article_published_time":"2025-03-17T07:42:08+00:00","article_modified_time":"2025-03-17T07:42:09+00:00","og_image":[{"width":300,"height":400,"url":"https:\/\/www.cinecens.net\/wp-content\/uploads\/2025\/02\/2025-03-05-Figures-Affiche-e1742197322424.jpg","type":"image\/jpeg"}],"author":"greenlins","twitter_card":"summary_large_image","twitter_misc":{"\u00c9crit par":"greenlins","Dur\u00e9e de lecture estim\u00e9e":"2 minutes"},"schema":{"@context":"https:\/\/schema.org","@graph":[{"@type":"Article","@id":"https:\/\/www.cinecens.net\/index.php\/2025\/03\/17\/vu-a-cinecens-les-figures-de-lombre\/#article","isPartOf":{"@id":"https:\/\/www.cinecens.net\/index.php\/2025\/03\/17\/vu-a-cinecens-les-figures-de-lombre\/"},"author":{"name":"greenlins","@id":"https:\/\/www.cinecens.net\/#\/schema\/person\/b3c15f67ccbd867de84f365b06626db7"},"headline":"Vu \u00e0 Cin\u00e9Cens..Les Figures de l&rsquo;ombre","datePublished":"2025-03-17T07:42:08+00:00","dateModified":"2025-03-17T07:42:09+00:00","mainEntityOfPage":{"@id":"https:\/\/www.cinecens.net\/index.php\/2025\/03\/17\/vu-a-cinecens-les-figures-de-lombre\/"},"wordCount":175,"publisher":{"@id":"https:\/\/www.cinecens.net\/#organization"},"image":{"@id":"https:\/\/www.cinecens.net\/index.php\/2025\/03\/17\/vu-a-cinecens-les-figures-de-lombre\/#primaryimage"},"thumbnailUrl":"https:\/\/www.cinecens.net\/wp-content\/uploads\/2025\/02\/2025-03-05-Figures-Affiche-e1742197322424.jpg","articleSection":["Programmation"],"inLanguage":"fr-FR"},{"@type":"WebPage","@id":"https:\/\/www.cinecens.net\/index.php\/2025\/03\/17\/vu-a-cinecens-les-figures-de-lombre\/","url":"https:\/\/www.cinecens.net\/index.php\/2025\/03\/17\/vu-a-cinecens-les-figures-de-lombre\/","name":"Vu \u00e0 Cin\u00e9Cens..Les Figures de l'ombre - Cin\u00e9Cens","isPartOf":{"@id":"https:\/\/www.cinecens.net\/#website"},"primaryImageOfPage":{"@id":"https:\/\/www.cinecens.net\/index.php\/2025\/03\/17\/vu-a-cinecens-les-figures-de-lombre\/#primaryimage"},"image":{"@id":"https:\/\/www.cinecens.net\/index.php\/2025\/03\/17\/vu-a-cinecens-les-figures-de-lombre\/#primaryimage"},"thumbnailUrl":"https:\/\/www.cinecens.net\/wp-content\/uploads\/2025\/02\/2025-03-05-Figures-Affiche-e1742197322424.jpg","datePublished":"2025-03-17T07:42:08+00:00","dateModified":"2025-03-17T07:42:09+00:00","breadcrumb":{"@id":"https:\/\/www.cinecens.net\/index.php\/2025\/03\/17\/vu-a-cinecens-les-figures-de-lombre\/#breadcrumb"},"inLanguage":"fr-FR","potentialAction":[{"@type":"ReadAction","target":["https:\/\/www.cinecens.net\/index.php\/2025\/03\/17\/vu-a-cinecens-les-figures-de-lombre\/"]}]},{"@type":"ImageObject","inLanguage":"fr-FR","@id":"https:\/\/www.cinecens.net\/index.php\/2025\/03\/17\/vu-a-cinecens-les-figures-de-lombre\/#primaryimage","url":"https:\/\/www.cinecens.net\/wp-content\/uploads\/2025\/02\/2025-03-05-Figures-Affiche-e1742197322424.jpg","contentUrl":"https:\/\/www.cinecens.net\/wp-content\/uploads\/2025\/02\/2025-03-05-Figures-Affiche-e1742197322424.jpg","width":300,"height":400},{"@type":"BreadcrumbList","@id":"https:\/\/www.cinecens.net\/index.php\/2025\/03\/17\/vu-a-cinecens-les-figures-de-lombre\/#breadcrumb","itemListElement":[{"@type":"ListItem","position":1,"name":"Accueil","item":"https:\/\/www.cinecens.net\/"},{"@type":"ListItem","position":2,"name":"Vu \u00e0 Cin\u00e9Cens..Les Figures de l&rsquo;ombre"}]},{"@type":"WebSite","@id":"https:\/\/www.cinecens.net\/#website","url":"https:\/\/www.cinecens.net\/","name":"Cin\u00e9Cens","description":"Cin\u00e9-Club Orvault","publisher":{"@id":"https:\/\/www.cinecens.net\/#organization"},"potentialAction":[{"@type":"SearchAction","target":{"@type":"EntryPoint","urlTemplate":"https:\/\/www.cinecens.net\/?s={search_term_string}"},"query-input":{"@type":"PropertyValueSpecification","valueRequired":true,"valueName":"search_term_string"}}],"inLanguage":"fr-FR"},{"@type":"Organization","@id":"https:\/\/www.cinecens.net\/#organization","name":"Cin\u00e9Cens","url":"https:\/\/www.cinecens.net\/","logo":{"@type":"ImageObject","inLanguage":"fr-FR","@id":"https:\/\/www.cinecens.net\/#\/schema\/logo\/image\/","url":"https:\/\/www.cinecens.net\/wp-content\/uploads\/2021\/08\/cropped-Logo-CineCens.png","contentUrl":"https:\/\/www.cinecens.net\/wp-content\/uploads\/2021\/08\/cropped-Logo-CineCens.png","width":500,"height":424,"caption":"Cin\u00e9Cens"},"image":{"@id":"https:\/\/www.cinecens.net\/#\/schema\/logo\/image\/"},"sameAs":["https:\/\/www.facebook.com\/RetailVR.officiel","https:\/\/www.instagram.com\/CineCens\/"]},{"@type":"Person","@id":"https:\/\/www.cinecens.net\/#\/schema\/person\/b3c15f67ccbd867de84f365b06626db7","name":"greenlins","image":{"@type":"ImageObject","inLanguage":"fr-FR","@id":"https:\/\/secure.gravatar.com\/avatar\/4814293a030d1bcf2f60d60b2c2735099f8c7fd5908cce820e6ee83685c4453f?s=96&d=mm&r=g","url":"https:\/\/secure.gravatar.com\/avatar\/4814293a030d1bcf2f60d60b2c2735099f8c7fd5908cce820e6ee83685c4453f?s=96&d=mm&r=g","contentUrl":"https:\/\/secure.gravatar.com\/avatar\/4814293a030d1bcf2f60d60b2c2735099f8c7fd5908cce820e6ee83685c4453f?s=96&d=mm&r=g","caption":"greenlins"},"url":"https:\/\/www.cinecens.net\/index.php\/author\/schabot\/"}]}},"_links":{"self":[{"href":"https:\/\/www.cinecens.net\/index.php\/wp-json\/wp\/v2\/posts\/1779","targetHints":{"allow":["GET"]}}],"collection":[{"href":"https:\/\/www.cinecens.net\/index.php\/wp-json\/wp\/v2\/posts"}],"about":[{"href":"https:\/\/www.cinecens.net\/index.php\/wp-json\/wp\/v2\/types\/post"}],"author":[{"embeddable":true,"href":"https:\/\/www.cinecens.net\/index.php\/wp-json\/wp\/v2\/users\/7"}],"replies":[{"embeddable":true,"href":"https:\/\/www.cinecens.net\/index.php\/wp-json\/wp\/v2\/comments?post=1779"}],"version-history":[{"count":1,"href":"https:\/\/www.cinecens.net\/index.php\/wp-json\/wp\/v2\/posts\/1779\/revisions"}],"predecessor-version":[{"id":1780,"href":"https:\/\/www.cinecens.net\/index.php\/wp-json\/wp\/v2\/posts\/1779\/revisions\/1780"}],"wp:featuredmedia":[{"embeddable":true,"href":"https:\/\/www.cinecens.net\/index.php\/wp-json\/wp\/v2\/media\/1690"}],"wp:attachment":[{"href":"https:\/\/www.cinecens.net\/index.php\/wp-json\/wp\/v2\/media?parent=1779"}],"wp:term":[{"taxonomy":"category","embeddable":true,"href":"https:\/\/www.cinecens.net\/index.php\/wp-json\/wp\/v2\/categories?post=1779"},{"taxonomy":"post_tag","embeddable":true,"href":"https:\/\/www.cinecens.net\/index.php\/wp-json\/wp\/v2\/tags?post=1779"}],"curies":[{"name":"wp","href":"https:\/\/api.w.org\/{rel}","templated":true}]}}